{"id":3237,"date":"2020-12-07T21:50:18","date_gmt":"2020-12-07T20:50:18","guid":{"rendered":"http:\/\/agora.xtec.cat\/zer-pedrera\/?p=3237"},"modified":"2021-12-16T20:39:50","modified_gmt":"2021-12-16T19:39:50","slug":"ci-de-lescola-abat-ruera-hort","status":"publish","type":"post","link":"https:\/\/agora.xtec.cat\/zer-pedrera\/general\/ci-de-lescola-abat-ruera-hort\/","title":{"rendered":"CI de l&#8217;Escola Abat Ruera. Hort"},"content":{"rendered":"<p>Durant tot el curs els alumnes de CI cuidaran de l&#8217;hort. La setmana passada van plantar menta, esp\u00edgol, s\u00e0lvia, tim\u00f3 i orenga. Els companys i companyes de CM i CS van venir a escoltar l&#8217;explicaci\u00f3 de les plantes i de com cuidarem del nostre hort.<\/p>\n<p><a href=\"https:\/\/photos.app.goo.gl\/6XAaqLdkkFHiqxzq9\" target=\"_blank\" rel=\"noopener\"><img loading=\"lazy\" decoding=\"async\" class=\"aligncenter size-full wp-image-3238\" src=\"https:\/\/agora.xtec.cat\/zer-pedrera\/wp-content\/uploads\/usu1473\/2020\/12\/mini-1.jpeg\" alt=\"\" width=\"666\" height=\"375\" srcset=\"https:\/\/agora.xtec.cat\/zer-pedrera\/wp-content\/uploads\/usu1473\/2020\/12\/mini-1.jpeg 666w, https:\/\/agora.xtec.cat\/zer-pedrera\/wp-content\/uploads\/usu1473\/2020\/12\/mini-1-300x169.jpeg 300w\" sizes=\"auto, (max-width: 666px) 100vw, 666px\" \/><\/a><\/p>\n<p>Per mirar m\u00e9s fotografies clicar <a href=\"https:\/\/photos.app.goo.gl\/W3YkhUc9LinWGGEZ8\">AQU\u00cd<\/a><\/p>\n","protected":false},"excerpt":{"rendered":"<p>Durant tot el curs els alumnes de CI cuidaran de l&#8217;hort. La setmana passada van plantar menta, esp\u00edgol, s\u00e0lvia, tim\u00f3 i orenga. Els companys i companyes de CM i CS van venir a escoltar l&#8217;explicaci\u00f3 de les plantes i de com cuidarem del nostre hort.<br \/>\n<a&hellip;  <a href=\"https:\/\/agora.xtec.cat\/zer-pedrera\/general\/ci-de-lescola-abat-ruera-hort\/\" title=\"Read CI de l&#8217;Escola Abat Ruera. Hort\">Llegeix m\u00e9s\u00bb<\/a><\/p>\n","protected":false},"author":1,"featured_media":3238,"comment_status":"open","ping_status":"closed","sticky":false,"template":"","format":"standard","meta":{"_bbp_topic_count":0,"_bbp_reply_count":0,"_bbp_total_topic_count":0,"_bbp_total_reply_count":0,"_bbp_voice_count":0,"_bbp_anonymous_reply_count":0,"_bbp_topic_count_hidden":0,"_bbp_reply_count_hidden":0,"_bbp_forum_subforum_count":0,"footnotes":""},"categories":[110,1,29,89],"tags":[],"class_list":["post-3237","post","type-post","status-publish","format-standard","has-post-thumbnail","hentry","category-escola-abat-ruera","category-general","category-portada","category-primaria"],"post_mailing_queue_ids":[],"_links":{"self":[{"href":"https:\/\/agora.xtec.cat\/zer-pedrera\/wp-json\/wp\/v2\/posts\/3237","targetHints":{"allow":["GET"]}}],"collection":[{"href":"https:\/\/agora.xtec.cat\/zer-pedrera\/wp-json\/wp\/v2\/posts"}],"about":[{"href":"https:\/\/agora.xtec.cat\/zer-pedrera\/wp-json\/wp\/v2\/types\/post"}],"author":[{"embeddable":true,"href":"https:\/\/agora.xtec.cat\/zer-pedrera\/wp-json\/wp\/v2\/users\/1"}],"replies":[{"embeddable":true,"href":"https:\/\/agora.xtec.cat\/zer-pedrera\/wp-json\/wp\/v2\/comments?post=3237"}],"version-history":[{"count":3,"href":"https:\/\/agora.xtec.cat\/zer-pedrera\/wp-json\/wp\/v2\/posts\/3237\/revisions"}],"predecessor-version":[{"id":5105,"href":"https:\/\/agora.xtec.cat\/zer-pedrera\/wp-json\/wp\/v2\/posts\/3237\/revisions\/5105"}],"wp:featuredmedia":[{"embeddable":true,"href":"https:\/\/agora.xtec.cat\/zer-pedrera\/wp-json\/wp\/v2\/media\/3238"}],"wp:attachment":[{"href":"https:\/\/agora.xtec.cat\/zer-pedrera\/wp-json\/wp\/v2\/media?parent=3237"}],"wp:term":[{"taxonomy":"category","embeddable":true,"href":"https:\/\/agora.xtec.cat\/zer-pedrera\/wp-json\/wp\/v2\/categories?post=3237"},{"taxonomy":"post_tag","embeddable":true,"href":"https:\/\/agora.xtec.cat\/zer-pedrera\/wp-json\/wp\/v2\/tags?post=3237"}],"curies":[{"name":"wp","href":"https:\/\/api.w.org\/{rel}","templated":true}]}}