{"id":3229,"date":"2020-12-04T15:58:21","date_gmt":"2020-12-04T14:58:21","guid":{"rendered":"http:\/\/agora.xtec.cat\/zer-pedrera\/?p=3229"},"modified":"2020-12-04T15:58:21","modified_gmt":"2020-12-04T14:58:21","slug":"ariadna-miro-garcia-guanyadora-de-lenigma-de-la-setmana","status":"publish","type":"post","link":"https:\/\/agora.xtec.cat\/zer-pedrera\/general\/ariadna-miro-garcia-guanyadora-de-lenigma-de-la-setmana\/","title":{"rendered":"Ariadna Mir\u00f3 Garc\u00eda, guanyadora de l&#8217;enigma de la setmana!!!"},"content":{"rendered":"<p>No era pas evident que l&#8217;\u00c0ngel parla m\u00e9s fluix que en Carles.<\/p>\n<p>Per\u00f2 l&#8217;Ariadna, a trav\u00e9s de lectura i el raonament, ha desxifrat aquest petit embolic.<\/p>\n<p><strong>Moltes felicitats Ariadna!!!<\/strong><\/p>\n<p><a href=\"https:\/\/photos.app.goo.gl\/mcHzajDZZQQhGk6W9\" target=\"_blank\" rel=\"noopener noreferrer\"><img loading=\"lazy\" decoding=\"async\" class=\"aligncenter size-full wp-image-3230\" src=\"https:\/\/agora.xtec.cat\/zer-pedrera\/wp-content\/uploads\/usu1473\/2020\/12\/WhatsApp-Image-2020-12-04-at-15.40.32-2.jpeg\" alt=\"\" width=\"252\" height=\"448\" srcset=\"https:\/\/agora.xtec.cat\/zer-pedrera\/wp-content\/uploads\/usu1473\/2020\/12\/WhatsApp-Image-2020-12-04-at-15.40.32-2.jpeg 252w, https:\/\/agora.xtec.cat\/zer-pedrera\/wp-content\/uploads\/usu1473\/2020\/12\/WhatsApp-Image-2020-12-04-at-15.40.32-2-169x300.jpeg 169w\" sizes=\"auto, (max-width: 252px) 100vw, 252px\" \/><\/a><\/p>\n<p>M\u00e9s fotos clicant sobre l&#8217;Ariadna!<\/p>\n<p>I la setmana vinent&#8230;<\/p>\n<p><img loading=\"lazy\" decoding=\"async\" class=\"aligncenter size-full wp-image-3231\" src=\"https:\/\/agora.xtec.cat\/zer-pedrera\/wp-content\/uploads\/usu1473\/2020\/12\/79896774-4f5b-4805-969e-15defc157ff0-1.jpeg\" alt=\"\" width=\"446\" height=\"336\" srcset=\"https:\/\/agora.xtec.cat\/zer-pedrera\/wp-content\/uploads\/usu1473\/2020\/12\/79896774-4f5b-4805-969e-15defc157ff0-1.jpeg 446w, https:\/\/agora.xtec.cat\/zer-pedrera\/wp-content\/uploads\/usu1473\/2020\/12\/79896774-4f5b-4805-969e-15defc157ff0-1-300x226.jpeg 300w, https:\/\/agora.xtec.cat\/zer-pedrera\/wp-content\/uploads\/usu1473\/2020\/12\/79896774-4f5b-4805-969e-15defc157ff0-1-200x150.jpeg 200w\" sizes=\"auto, (max-width: 446px) 100vw, 446px\" \/><\/p>\n<p>&nbsp;<\/p>\n","protected":false},"excerpt":{"rendered":"<p>No era pas evident que l&#8217;\u00c0ngel parla m\u00e9s fluix que en Carles.<br \/>\nPer\u00f2 l&#8217;Ariadna, a trav\u00e9s de lectura i el raonament, ha desxifrat aquest petit embolic.<br \/>\nMoltes felicitats Ariadna!!!<br \/>\n<a href=\"https:\/\/photos.app.goo.gl\/mcHzajDZZQQhGk6W9\" target=\"_blank\" rel=\"noopener noreferrer\"><\/a><br \/>\nM\u00e9s fotos clicant sobre l&#8217;Ariadna!<br \/>\nI la setmana vinent&#8230;<\/p>\n<p>&nbsp;<\/p>\n","protected":false},"author":1,"featured_media":3230,"comment_status":"open","ping_status":"closed","sticky":false,"template":"","format":"standard","meta":{"_bbp_topic_count":0,"_bbp_reply_count":0,"_bbp_total_topic_count":0,"_bbp_total_reply_count":0,"_bbp_voice_count":0,"_bbp_anonymous_reply_count":0,"_bbp_topic_count_hidden":0,"_bbp_reply_count_hidden":0,"_bbp_forum_subforum_count":0,"footnotes":""},"categories":[110,1,29,89],"tags":[],"class_list":["post-3229","post","type-post","status-publish","format-standard","has-post-thumbnail","hentry","category-escola-abat-ruera","category-general","category-portada","category-primaria"],"post_mailing_queue_ids":[],"_links":{"self":[{"href":"https:\/\/agora.xtec.cat\/zer-pedrera\/wp-json\/wp\/v2\/posts\/3229","targetHints":{"allow":["GET"]}}],"collection":[{"href":"https:\/\/agora.xtec.cat\/zer-pedrera\/wp-json\/wp\/v2\/posts"}],"about":[{"href":"https:\/\/agora.xtec.cat\/zer-pedrera\/wp-json\/wp\/v2\/types\/post"}],"author":[{"embeddable":true,"href":"https:\/\/agora.xtec.cat\/zer-pedrera\/wp-json\/wp\/v2\/users\/1"}],"replies":[{"embeddable":true,"href":"https:\/\/agora.xtec.cat\/zer-pedrera\/wp-json\/wp\/v2\/comments?post=3229"}],"version-history":[{"count":1,"href":"https:\/\/agora.xtec.cat\/zer-pedrera\/wp-json\/wp\/v2\/posts\/3229\/revisions"}],"predecessor-version":[{"id":3232,"href":"https:\/\/agora.xtec.cat\/zer-pedrera\/wp-json\/wp\/v2\/posts\/3229\/revisions\/3232"}],"wp:featuredmedia":[{"embeddable":true,"href":"https:\/\/agora.xtec.cat\/zer-pedrera\/wp-json\/wp\/v2\/media\/3230"}],"wp:attachment":[{"href":"https:\/\/agora.xtec.cat\/zer-pedrera\/wp-json\/wp\/v2\/media?parent=3229"}],"wp:term":[{"taxonomy":"category","embeddable":true,"href":"https:\/\/agora.xtec.cat\/zer-pedrera\/wp-json\/wp\/v2\/categories?post=3229"},{"taxonomy":"post_tag","embeddable":true,"href":"https:\/\/agora.xtec.cat\/zer-pedrera\/wp-json\/wp\/v2\/tags?post=3229"}],"curies":[{"name":"wp","href":"https:\/\/api.w.org\/{rel}","templated":true}]}}