{"id":3201,"date":"2020-12-01T19:29:59","date_gmt":"2020-12-01T18:29:59","guid":{"rendered":"http:\/\/agora.xtec.cat\/zer-pedrera\/?p=3201"},"modified":"2020-12-01T19:29:59","modified_gmt":"2020-12-01T18:29:59","slug":"el-nostre-calendari-dadvent","status":"publish","type":"post","link":"https:\/\/agora.xtec.cat\/zer-pedrera\/general\/el-nostre-calendari-dadvent\/","title":{"rendered":"El nostre calendari d&#8217;advent."},"content":{"rendered":"<p>Ja estem al mes de desembre i iniciem el compte enrere fins arribar a Nadal. Com en els darrers anys a l&#8217;escola, aquest tamb\u00e9 hem confeccionat un calendari d&#8217;advent. En aquesta ocasi\u00f3, l&#8217;hem fet amb tubs de cartr\u00f3 que pr\u00e8viament els nens i les nenes han decorat. I estem molt contents del resultat!!!!<\/p>\n<p>Cada dia, una de les classes anir\u00e0 a obrir el tub corresponent del dia que siguem, per\u00f2 nom\u00e9s tocar\u00e0 a un nen o una nena, per sorteig. Abans d&#8217;obrir la capseta, per\u00f2, caldr\u00e0 llegir la targeta que correspon a aquell dia i realitzar all\u00f2 que en ella s&#8217;hi demana.<\/p>\n<p>El primer dia, l&#8217;afortunat ha estat en Sem. A veure a qui li tocar\u00e0 dem\u00e0!!!!<\/p>\n<p><img loading=\"lazy\" decoding=\"async\" class=\"aligncenter size-full wp-image-3202\" src=\"https:\/\/agora.xtec.cat\/zer-pedrera\/wp-content\/uploads\/usu1473\/2020\/12\/Portada.jpg\" alt=\"\" width=\"577\" height=\"433\" srcset=\"https:\/\/agora.xtec.cat\/zer-pedrera\/wp-content\/uploads\/usu1473\/2020\/12\/Portada.jpg 577w, https:\/\/agora.xtec.cat\/zer-pedrera\/wp-content\/uploads\/usu1473\/2020\/12\/Portada-300x225.jpg 300w, https:\/\/agora.xtec.cat\/zer-pedrera\/wp-content\/uploads\/usu1473\/2020\/12\/Portada-200x150.jpg 200w\" sizes=\"auto, (max-width: 577px) 100vw, 577px\" \/><\/p>\n","protected":false},"excerpt":{"rendered":"<p>Ja estem al mes de desembre i iniciem el compte enrere fins arribar a Nadal. Com en els darrers anys a l&#8217;escola, aquest tamb\u00e9 hem confeccionat un calendari d&#8217;advent. En aquesta ocasi\u00f3, l&#8217;hem fet amb tubs de cartr\u00f3 que pr\u00e8viament els nens i les nenes&hellip;  <a href=\"https:\/\/agora.xtec.cat\/zer-pedrera\/general\/el-nostre-calendari-dadvent\/\" title=\"Read El nostre calendari d&#8217;advent.\">Llegeix m\u00e9s\u00bb<\/a><\/p>\n","protected":false},"author":1,"featured_media":3202,"comment_status":"open","ping_status":"closed","sticky":false,"template":"","format":"standard","meta":{"_bbp_topic_count":0,"_bbp_reply_count":0,"_bbp_total_topic_count":0,"_bbp_total_reply_count":0,"_bbp_voice_count":0,"_bbp_anonymous_reply_count":0,"_bbp_topic_count_hidden":0,"_bbp_reply_count_hidden":0,"_bbp_forum_subforum_count":0,"footnotes":""},"categories":[113,111,1,29,89],"tags":[],"class_list":["post-3201","post","type-post","status-publish","format-standard","has-post-thumbnail","hentry","category-e-infantil","category-escola-porcel-de-cervera","category-general","category-portada","category-primaria"],"post_mailing_queue_ids":[],"_links":{"self":[{"href":"https:\/\/agora.xtec.cat\/zer-pedrera\/wp-json\/wp\/v2\/posts\/3201","targetHints":{"allow":["GET"]}}],"collection":[{"href":"https:\/\/agora.xtec.cat\/zer-pedrera\/wp-json\/wp\/v2\/posts"}],"about":[{"href":"https:\/\/agora.xtec.cat\/zer-pedrera\/wp-json\/wp\/v2\/types\/post"}],"author":[{"embeddable":true,"href":"https:\/\/agora.xtec.cat\/zer-pedrera\/wp-json\/wp\/v2\/users\/1"}],"replies":[{"embeddable":true,"href":"https:\/\/agora.xtec.cat\/zer-pedrera\/wp-json\/wp\/v2\/comments?post=3201"}],"version-history":[{"count":4,"href":"https:\/\/agora.xtec.cat\/zer-pedrera\/wp-json\/wp\/v2\/posts\/3201\/revisions"}],"predecessor-version":[{"id":3206,"href":"https:\/\/agora.xtec.cat\/zer-pedrera\/wp-json\/wp\/v2\/posts\/3201\/revisions\/3206"}],"wp:featuredmedia":[{"embeddable":true,"href":"https:\/\/agora.xtec.cat\/zer-pedrera\/wp-json\/wp\/v2\/media\/3202"}],"wp:attachment":[{"href":"https:\/\/agora.xtec.cat\/zer-pedrera\/wp-json\/wp\/v2\/media?parent=3201"}],"wp:term":[{"taxonomy":"category","embeddable":true,"href":"https:\/\/agora.xtec.cat\/zer-pedrera\/wp-json\/wp\/v2\/categories?post=3201"},{"taxonomy":"post_tag","embeddable":true,"href":"https:\/\/agora.xtec.cat\/zer-pedrera\/wp-json\/wp\/v2\/tags?post=3201"}],"curies":[{"name":"wp","href":"https:\/\/api.w.org\/{rel}","templated":true}]}}