{"id":3189,"date":"2020-11-30T18:44:29","date_gmt":"2020-11-30T17:44:29","guid":{"rendered":"http:\/\/agora.xtec.cat\/zer-pedrera\/?p=3189"},"modified":"2021-12-03T11:50:02","modified_gmt":"2021-12-03T10:50:02","slug":"ci-de-lescola-abat-ruera-descripcio-danimals","status":"publish","type":"post","link":"https:\/\/agora.xtec.cat\/zer-pedrera\/general\/ci-de-lescola-abat-ruera-descripcio-danimals\/","title":{"rendered":"CI de l&#8217;escola Abat Ruera. Descripci\u00f3 d&#8217;animals"},"content":{"rendered":"<p>Dins de l&#8217;\u00e0rea de Llengua Catalana hem treballat la descripci\u00f3 dels animals. Per fer-ho m\u00e9s l\u00fadic, cada alumne ha agafat una fotografia d&#8217;un animal i li ha descrit al seu company\/a de classe. S&#8217;ho han passat molt b\u00e9!. <img loading=\"lazy\" decoding=\"async\" class=\"aligncenter size-full wp-image-3190\" src=\"https:\/\/agora.xtec.cat\/zer-pedrera\/wp-content\/uploads\/usu1473\/2020\/11\/mini-9.jpeg\" alt=\"\" width=\"375\" height=\"666\" srcset=\"https:\/\/agora.xtec.cat\/zer-pedrera\/wp-content\/uploads\/usu1473\/2020\/11\/mini-9.jpeg 375w, https:\/\/agora.xtec.cat\/zer-pedrera\/wp-content\/uploads\/usu1473\/2020\/11\/mini-9-169x300.jpeg 169w\" sizes=\"auto, (max-width: 375px) 100vw, 375px\" \/><\/p>\n<p>Per mirar m\u00e9s fotografies clicar <a href=\"https:\/\/photos.app.goo.gl\/kz99RDGpymw8HhJA7\" target=\"_blank\" rel=\"noopener\">AQU\u00cd<\/a><\/p>\n","protected":false},"excerpt":{"rendered":"<p>Dins de l&#8217;\u00e0rea de Llengua Catalana hem treballat la descripci\u00f3 dels animals. Per fer-ho m\u00e9s l\u00fadic, cada alumne ha agafat una fotografia d&#8217;un animal i li ha descrit al seu company\/a de classe. S&#8217;ho han passat molt b\u00e9!.<br \/>\nPer mirar m\u00e9s fotografies clicar <a href=\"https:\/\/photos.app.goo.gl\/kz99RDGpymw8HhJA7\"&hellip;  <a href=\"https:\/\/agora.xtec.cat\/zer-pedrera\/general\/ci-de-lescola-abat-ruera-descripcio-danimals\/\" title=\"Read CI de l&#8217;escola Abat Ruera. Descripci\u00f3 d&#8217;animals\">Llegeix m\u00e9s\u00bb<\/a><\/p>\n","protected":false},"author":1,"featured_media":3190,"comment_status":"open","ping_status":"closed","sticky":false,"template":"","format":"standard","meta":{"_bbp_topic_count":0,"_bbp_reply_count":0,"_bbp_total_topic_count":0,"_bbp_total_reply_count":0,"_bbp_voice_count":0,"_bbp_anonymous_reply_count":0,"_bbp_topic_count_hidden":0,"_bbp_reply_count_hidden":0,"_bbp_forum_subforum_count":0,"footnotes":""},"categories":[110,1,29,89],"tags":[],"class_list":["post-3189","post","type-post","status-publish","format-standard","has-post-thumbnail","hentry","category-escola-abat-ruera","category-general","category-portada","category-primaria"],"post_mailing_queue_ids":[],"_links":{"self":[{"href":"https:\/\/agora.xtec.cat\/zer-pedrera\/wp-json\/wp\/v2\/posts\/3189","targetHints":{"allow":["GET"]}}],"collection":[{"href":"https:\/\/agora.xtec.cat\/zer-pedrera\/wp-json\/wp\/v2\/posts"}],"about":[{"href":"https:\/\/agora.xtec.cat\/zer-pedrera\/wp-json\/wp\/v2\/types\/post"}],"author":[{"embeddable":true,"href":"https:\/\/agora.xtec.cat\/zer-pedrera\/wp-json\/wp\/v2\/users\/1"}],"replies":[{"embeddable":true,"href":"https:\/\/agora.xtec.cat\/zer-pedrera\/wp-json\/wp\/v2\/comments?post=3189"}],"version-history":[{"count":2,"href":"https:\/\/agora.xtec.cat\/zer-pedrera\/wp-json\/wp\/v2\/posts\/3189\/revisions"}],"predecessor-version":[{"id":5011,"href":"https:\/\/agora.xtec.cat\/zer-pedrera\/wp-json\/wp\/v2\/posts\/3189\/revisions\/5011"}],"wp:featuredmedia":[{"embeddable":true,"href":"https:\/\/agora.xtec.cat\/zer-pedrera\/wp-json\/wp\/v2\/media\/3190"}],"wp:attachment":[{"href":"https:\/\/agora.xtec.cat\/zer-pedrera\/wp-json\/wp\/v2\/media?parent=3189"}],"wp:term":[{"taxonomy":"category","embeddable":true,"href":"https:\/\/agora.xtec.cat\/zer-pedrera\/wp-json\/wp\/v2\/categories?post=3189"},{"taxonomy":"post_tag","embeddable":true,"href":"https:\/\/agora.xtec.cat\/zer-pedrera\/wp-json\/wp\/v2\/tags?post=3189"}],"curies":[{"name":"wp","href":"https:\/\/api.w.org\/{rel}","templated":true}]}}