{"id":3183,"date":"2020-11-29T23:49:35","date_gmt":"2020-11-29T22:49:35","guid":{"rendered":"http:\/\/agora.xtec.cat\/zer-pedrera\/?p=3183"},"modified":"2020-11-29T23:49:35","modified_gmt":"2020-11-29T22:49:35","slug":"setmana-de-la-ciencia-imants-i-geometria","status":"publish","type":"post","link":"https:\/\/agora.xtec.cat\/zer-pedrera\/portada\/setmana-de-la-ciencia-imants-i-geometria\/","title":{"rendered":"Setmana de la ci\u00e8ncia. Imants i geometria."},"content":{"rendered":"<p>Durant la setmana de la ci\u00e8ncia, a la classe de EI i CI, hem treballat el magnetisme i la geometria a trav\u00e9s d&#8217;un material que ha agradat molt als nens i nenes. Es tracta\u00a0 d&#8217;uns blocs de construcci\u00f3 magn\u00e8tics amb els que\u00a0 han pogut experimentar la for\u00e7a dels imants tot construint alguns dels cossos geom\u00e8trics que estem treballant a l&#8217;aula. A partir d&#8217;aqu\u00ed, ells n&#8217;han fet les seves pr\u00f2pies creacions.<\/p>\n<p>&nbsp;<\/p>\n<p><img loading=\"lazy\" decoding=\"async\" class=\"aligncenter size-full wp-image-3185\" src=\"https:\/\/agora.xtec.cat\/zer-pedrera\/wp-content\/uploads\/usu1473\/2020\/11\/2.jpg\" alt=\"\" width=\"500\" height=\"375\" srcset=\"https:\/\/agora.xtec.cat\/zer-pedrera\/wp-content\/uploads\/usu1473\/2020\/11\/2.jpg 500w, https:\/\/agora.xtec.cat\/zer-pedrera\/wp-content\/uploads\/usu1473\/2020\/11\/2-300x225.jpg 300w, https:\/\/agora.xtec.cat\/zer-pedrera\/wp-content\/uploads\/usu1473\/2020\/11\/2-200x150.jpg 200w\" sizes=\"auto, (max-width: 500px) 100vw, 500px\" \/><\/p>\n<p>&nbsp;<\/p>\n<p>Si voleu veure m\u00e9s fotos cliqueu<a href=\"https:\/\/photos.app.goo.gl\/xPvRaAYX3s9xK5y6A\"> AQU\u00cd.<\/a><\/p>\n<p>&nbsp;<\/p>\n<p>&nbsp;<\/p>\n<p>&nbsp;<\/p>\n<p>&nbsp;<\/p>\n<p>&nbsp;<\/p>\n<p>&nbsp;<\/p>\n<p>&nbsp;<\/p>\n<p>&nbsp;<\/p>\n","protected":false},"excerpt":{"rendered":"<p>Durant la setmana de la ci\u00e8ncia, a la classe de EI i CI, hem treballat el magnetisme i la geometria a trav\u00e9s d&#8217;un material que ha agradat molt als nens i nenes. Es tracta\u00a0 d&#8217;uns blocs de construcci\u00f3 magn\u00e8tics amb els que\u00a0 han pogut experimentar&hellip;  <a href=\"https:\/\/agora.xtec.cat\/zer-pedrera\/portada\/setmana-de-la-ciencia-imants-i-geometria\/\" title=\"Read Setmana de la ci\u00e8ncia. Imants i geometria.\">Llegeix m\u00e9s\u00bb<\/a><\/p>\n","protected":false},"author":1,"featured_media":3185,"comment_status":"open","ping_status":"closed","sticky":false,"template":"","format":"standard","meta":{"_bbp_topic_count":0,"_bbp_reply_count":0,"_bbp_total_topic_count":0,"_bbp_total_reply_count":0,"_bbp_voice_count":0,"_bbp_anonymous_reply_count":0,"_bbp_topic_count_hidden":0,"_bbp_reply_count_hidden":0,"_bbp_forum_subforum_count":0,"footnotes":""},"categories":[113,111,29,89],"tags":[],"class_list":["post-3183","post","type-post","status-publish","format-standard","has-post-thumbnail","hentry","category-e-infantil","category-escola-porcel-de-cervera","category-portada","category-primaria"],"post_mailing_queue_ids":[],"_links":{"self":[{"href":"https:\/\/agora.xtec.cat\/zer-pedrera\/wp-json\/wp\/v2\/posts\/3183","targetHints":{"allow":["GET"]}}],"collection":[{"href":"https:\/\/agora.xtec.cat\/zer-pedrera\/wp-json\/wp\/v2\/posts"}],"about":[{"href":"https:\/\/agora.xtec.cat\/zer-pedrera\/wp-json\/wp\/v2\/types\/post"}],"author":[{"embeddable":true,"href":"https:\/\/agora.xtec.cat\/zer-pedrera\/wp-json\/wp\/v2\/users\/1"}],"replies":[{"embeddable":true,"href":"https:\/\/agora.xtec.cat\/zer-pedrera\/wp-json\/wp\/v2\/comments?post=3183"}],"version-history":[{"count":3,"href":"https:\/\/agora.xtec.cat\/zer-pedrera\/wp-json\/wp\/v2\/posts\/3183\/revisions"}],"predecessor-version":[{"id":3188,"href":"https:\/\/agora.xtec.cat\/zer-pedrera\/wp-json\/wp\/v2\/posts\/3183\/revisions\/3188"}],"wp:featuredmedia":[{"embeddable":true,"href":"https:\/\/agora.xtec.cat\/zer-pedrera\/wp-json\/wp\/v2\/media\/3185"}],"wp:attachment":[{"href":"https:\/\/agora.xtec.cat\/zer-pedrera\/wp-json\/wp\/v2\/media?parent=3183"}],"wp:term":[{"taxonomy":"category","embeddable":true,"href":"https:\/\/agora.xtec.cat\/zer-pedrera\/wp-json\/wp\/v2\/categories?post=3183"},{"taxonomy":"post_tag","embeddable":true,"href":"https:\/\/agora.xtec.cat\/zer-pedrera\/wp-json\/wp\/v2\/tags?post=3183"}],"curies":[{"name":"wp","href":"https:\/\/api.w.org\/{rel}","templated":true}]}}