{"id":3161,"date":"2020-11-27T16:18:14","date_gmt":"2020-11-27T15:18:14","guid":{"rendered":"http:\/\/agora.xtec.cat\/zer-pedrera\/?p=3161"},"modified":"2020-11-27T16:45:56","modified_gmt":"2020-11-27T15:45:56","slug":"experimentem-amb-pinyes-que-passara-si-les-submergim-a-laigua","status":"publish","type":"post","link":"https:\/\/agora.xtec.cat\/zer-pedrera\/general\/experimentem-amb-pinyes-que-passara-si-les-submergim-a-laigua\/","title":{"rendered":"Experimentem amb pinyes, qu\u00e8 passar\u00e0 si les submergim a l&#8217;aigua?"},"content":{"rendered":"<p>Amb els doble objectiu de desenvolupar el pensament cient\u00edfic a partir de l&#8217;observaci\u00f3 i con\u00e8ixer algunes caracter\u00edstiques de les pinyes, es va plantejar la pregunta: qu\u00e8 passar\u00e0 si les submergim en aigua?<\/p>\n<p>Nenes i nens van anar formulant les seves hip\u00f2tesis i despr\u00e9s les vam comprovar.<\/p>\n<p>Unes tres hores despr\u00e9s, les pinyes s&#8217;havien tancat!<\/p>\n<p>Ning\u00fa, per\u00f2, ho havia encertat&#8230;<\/p>\n<p>L&#8217;explicaci\u00f3 cient\u00edfica: aquest fet passa perqu\u00e8 les pinyes han de protegir els pinyons.<\/p>\n<p>Tamb\u00e9 vam observar que un cop fora de l&#8217;aigua i eixutes, les pinyes s&#8217;obrien de nou.<\/p>\n<p><a href=\"https:\/\/photos.app.goo.gl\/g3BD38rR7QKA3CJf9\" target=\"_blank\" rel=\"noopener noreferrer\"><img loading=\"lazy\" decoding=\"async\" class=\"aligncenter size-full wp-image-3162\" src=\"https:\/\/agora.xtec.cat\/zer-pedrera\/wp-content\/uploads\/usu1473\/2020\/11\/pinya.jpg\" alt=\"\" width=\"448\" height=\"336\" srcset=\"https:\/\/agora.xtec.cat\/zer-pedrera\/wp-content\/uploads\/usu1473\/2020\/11\/pinya.jpg 448w, https:\/\/agora.xtec.cat\/zer-pedrera\/wp-content\/uploads\/usu1473\/2020\/11\/pinya-300x225.jpg 300w, https:\/\/agora.xtec.cat\/zer-pedrera\/wp-content\/uploads\/usu1473\/2020\/11\/pinya-200x150.jpg 200w\" sizes=\"auto, (max-width: 448px) 100vw, 448px\" \/><\/a><\/p>\n<p><strong>M\u00e9s fotos clicant a la imatge!<\/strong><\/p>\n","protected":false},"excerpt":{"rendered":"<p>Amb els doble objectiu de desenvolupar el pensament cient\u00edfic a partir de l&#8217;observaci\u00f3 i con\u00e8ixer algunes caracter\u00edstiques de les pinyes, es va plantejar la pregunta: qu\u00e8 passar\u00e0 si les submergim en aigua?<br \/>\nNenes i nens van anar formulant les seves hip\u00f2tesis i despr\u00e9s les vam comprovar.<br \/>\nUnes&hellip;  <a href=\"https:\/\/agora.xtec.cat\/zer-pedrera\/general\/experimentem-amb-pinyes-que-passara-si-les-submergim-a-laigua\/\" title=\"Read Experimentem amb pinyes, qu\u00e8 passar\u00e0 si les submergim a l&#8217;aigua?\">Llegeix m\u00e9s\u00bb<\/a><\/p>\n","protected":false},"author":1,"featured_media":3162,"comment_status":"open","ping_status":"closed","sticky":false,"template":"","format":"standard","meta":{"_bbp_topic_count":0,"_bbp_reply_count":0,"_bbp_total_topic_count":0,"_bbp_total_reply_count":0,"_bbp_voice_count":0,"_bbp_anonymous_reply_count":0,"_bbp_topic_count_hidden":0,"_bbp_reply_count_hidden":0,"_bbp_forum_subforum_count":0,"footnotes":""},"categories":[113,110,1,29],"tags":[],"class_list":["post-3161","post","type-post","status-publish","format-standard","has-post-thumbnail","hentry","category-e-infantil","category-escola-abat-ruera","category-general","category-portada"],"post_mailing_queue_ids":[],"_links":{"self":[{"href":"https:\/\/agora.xtec.cat\/zer-pedrera\/wp-json\/wp\/v2\/posts\/3161","targetHints":{"allow":["GET"]}}],"collection":[{"href":"https:\/\/agora.xtec.cat\/zer-pedrera\/wp-json\/wp\/v2\/posts"}],"about":[{"href":"https:\/\/agora.xtec.cat\/zer-pedrera\/wp-json\/wp\/v2\/types\/post"}],"author":[{"embeddable":true,"href":"https:\/\/agora.xtec.cat\/zer-pedrera\/wp-json\/wp\/v2\/users\/1"}],"replies":[{"embeddable":true,"href":"https:\/\/agora.xtec.cat\/zer-pedrera\/wp-json\/wp\/v2\/comments?post=3161"}],"version-history":[{"count":2,"href":"https:\/\/agora.xtec.cat\/zer-pedrera\/wp-json\/wp\/v2\/posts\/3161\/revisions"}],"predecessor-version":[{"id":3169,"href":"https:\/\/agora.xtec.cat\/zer-pedrera\/wp-json\/wp\/v2\/posts\/3161\/revisions\/3169"}],"wp:featuredmedia":[{"embeddable":true,"href":"https:\/\/agora.xtec.cat\/zer-pedrera\/wp-json\/wp\/v2\/media\/3162"}],"wp:attachment":[{"href":"https:\/\/agora.xtec.cat\/zer-pedrera\/wp-json\/wp\/v2\/media?parent=3161"}],"wp:term":[{"taxonomy":"category","embeddable":true,"href":"https:\/\/agora.xtec.cat\/zer-pedrera\/wp-json\/wp\/v2\/categories?post=3161"},{"taxonomy":"post_tag","embeddable":true,"href":"https:\/\/agora.xtec.cat\/zer-pedrera\/wp-json\/wp\/v2\/tags?post=3161"}],"curies":[{"name":"wp","href":"https:\/\/api.w.org\/{rel}","templated":true}]}}