{"id":3107,"date":"2020-11-20T23:33:11","date_gmt":"2020-11-20T22:33:11","guid":{"rendered":"http:\/\/agora.xtec.cat\/zer-pedrera\/?p=3107"},"modified":"2020-11-20T23:52:51","modified_gmt":"2020-11-20T22:52:51","slug":"matematiques-per-fer-conserva","status":"publish","type":"post","link":"https:\/\/agora.xtec.cat\/zer-pedrera\/general\/matematiques-per-fer-conserva\/","title":{"rendered":"Matem\u00e0tiques per fer conserva"},"content":{"rendered":"<p>El dimecres, despr\u00e9s d&#8217;haver parlat de qu\u00e8 en pod\u00edem fer de les olives, vam decidir preparar-les per fer-ne conserva. Durant l&#8217;activitat vam classificar, agrupar en desenes i centenes, fer una estimaci\u00f3 i finalment, elaborar una llista amb els nens i nenes de la classe. Va ser una sessi\u00f3 for\u00e7a complerta i en la que vam treballar i gaudir amb les matem\u00e0tiques.<\/p>\n<p>&nbsp;<\/p>\n<p><img loading=\"lazy\" decoding=\"async\" class=\"aligncenter size-full wp-image-3108\" src=\"https:\/\/agora.xtec.cat\/zer-pedrera\/wp-content\/uploads\/usu1473\/2020\/11\/20201118_104028.jpg\" alt=\"\" width=\"577\" height=\"433\" srcset=\"https:\/\/agora.xtec.cat\/zer-pedrera\/wp-content\/uploads\/usu1473\/2020\/11\/20201118_104028.jpg 577w, https:\/\/agora.xtec.cat\/zer-pedrera\/wp-content\/uploads\/usu1473\/2020\/11\/20201118_104028-300x225.jpg 300w, https:\/\/agora.xtec.cat\/zer-pedrera\/wp-content\/uploads\/usu1473\/2020\/11\/20201118_104028-200x150.jpg 200w\" sizes=\"auto, (max-width: 577px) 100vw, 577px\" \/><\/p>\n<p>&nbsp;<\/p>\n<p>Si voleu veure les fotos de l&#8217;activitat cliqueu <a href=\"https:\/\/photos.app.goo.gl\/SyZQ4rq2oMbuxiVy6\">AQU\u00cd<\/a><\/p>\n<p>&nbsp;<\/p>\n<p>&nbsp;<\/p>\n","protected":false},"excerpt":{"rendered":"<p>El dimecres, despr\u00e9s d&#8217;haver parlat de qu\u00e8 en pod\u00edem fer de les olives, vam decidir preparar-les per fer-ne conserva. Durant l&#8217;activitat vam classificar, agrupar en desenes i centenes, fer una estimaci\u00f3 i finalment, elaborar una llista amb els nens i nenes de la classe. Va&hellip;  <a href=\"https:\/\/agora.xtec.cat\/zer-pedrera\/general\/matematiques-per-fer-conserva\/\" title=\"Read Matem\u00e0tiques per fer conserva\">Llegeix m\u00e9s\u00bb<\/a><\/p>\n","protected":false},"author":1,"featured_media":3108,"comment_status":"open","ping_status":"closed","sticky":false,"template":"","format":"standard","meta":{"_bbp_topic_count":0,"_bbp_reply_count":0,"_bbp_total_topic_count":0,"_bbp_total_reply_count":0,"_bbp_voice_count":0,"_bbp_anonymous_reply_count":0,"_bbp_topic_count_hidden":0,"_bbp_reply_count_hidden":0,"_bbp_forum_subforum_count":0,"footnotes":""},"categories":[113,111,1,29,89,120],"tags":[],"class_list":["post-3107","post","type-post","status-publish","format-standard","has-post-thumbnail","hentry","category-e-infantil","category-escola-porcel-de-cervera","category-general","category-portada","category-primaria","category-projectes"],"post_mailing_queue_ids":[],"_links":{"self":[{"href":"https:\/\/agora.xtec.cat\/zer-pedrera\/wp-json\/wp\/v2\/posts\/3107","targetHints":{"allow":["GET"]}}],"collection":[{"href":"https:\/\/agora.xtec.cat\/zer-pedrera\/wp-json\/wp\/v2\/posts"}],"about":[{"href":"https:\/\/agora.xtec.cat\/zer-pedrera\/wp-json\/wp\/v2\/types\/post"}],"author":[{"embeddable":true,"href":"https:\/\/agora.xtec.cat\/zer-pedrera\/wp-json\/wp\/v2\/users\/1"}],"replies":[{"embeddable":true,"href":"https:\/\/agora.xtec.cat\/zer-pedrera\/wp-json\/wp\/v2\/comments?post=3107"}],"version-history":[{"count":3,"href":"https:\/\/agora.xtec.cat\/zer-pedrera\/wp-json\/wp\/v2\/posts\/3107\/revisions"}],"predecessor-version":[{"id":3113,"href":"https:\/\/agora.xtec.cat\/zer-pedrera\/wp-json\/wp\/v2\/posts\/3107\/revisions\/3113"}],"wp:featuredmedia":[{"embeddable":true,"href":"https:\/\/agora.xtec.cat\/zer-pedrera\/wp-json\/wp\/v2\/media\/3108"}],"wp:attachment":[{"href":"https:\/\/agora.xtec.cat\/zer-pedrera\/wp-json\/wp\/v2\/media?parent=3107"}],"wp:term":[{"taxonomy":"category","embeddable":true,"href":"https:\/\/agora.xtec.cat\/zer-pedrera\/wp-json\/wp\/v2\/categories?post=3107"},{"taxonomy":"post_tag","embeddable":true,"href":"https:\/\/agora.xtec.cat\/zer-pedrera\/wp-json\/wp\/v2\/tags?post=3107"}],"curies":[{"name":"wp","href":"https:\/\/api.w.org\/{rel}","templated":true}]}}