{"id":3084,"date":"2020-11-18T23:54:14","date_gmt":"2020-11-18T22:54:14","guid":{"rendered":"http:\/\/agora.xtec.cat\/zer-pedrera\/?p=3084"},"modified":"2020-11-20T19:03:23","modified_gmt":"2020-11-20T18:03:23","slug":"experimentem-amb-la-lupa","status":"publish","type":"post","link":"https:\/\/agora.xtec.cat\/zer-pedrera\/general\/experimentem-amb-la-lupa\/","title":{"rendered":"Experimentem amb la lupa"},"content":{"rendered":"<p>Aquests dies, al pati, hem trobat dos animalons que normalment, per la seva mobilitat se&#8217;ns fa dif\u00edcil observar; un d&#8217;ells \u00e9s un espiadimonis i l&#8217;altre un abellot, que sovint escoltem brunzir prop de la finestra de la classe, buscant pol\u00b7len en els cirerers d&#8217;arbo\u00e7 del pati. La veritat \u00e9s que semblaven dissecats. Vam poder observar-ne els detalls amb l&#8217;ajuda de la lupa de m\u00e0 i del vas lupa. Tamb\u00e9, aprofitant que les ten\u00edem a l&#8217;abast, vam observar els fruits que tenim al rac\u00f3 de la tardor. Des d&#8217;aquell dia, tenim les lupes al rac\u00f3 de tardor, i m\u00e9s d&#8217;una vegada les hem agafat per poder observar el nostre entorn.<\/p>\n<p><img loading=\"lazy\" decoding=\"async\" class=\"aligncenter wp-image-3087 size-full\" src=\"https:\/\/agora.xtec.cat\/zer-pedrera\/wp-content\/uploads\/usu1473\/2020\/11\/20201019_154023-1-e1605739777332.jpg\" alt=\"\" width=\"467\" height=\"392\" srcset=\"https:\/\/agora.xtec.cat\/zer-pedrera\/wp-content\/uploads\/usu1473\/2020\/11\/20201019_154023-1-e1605739777332.jpg 467w, https:\/\/agora.xtec.cat\/zer-pedrera\/wp-content\/uploads\/usu1473\/2020\/11\/20201019_154023-1-e1605739777332-300x252.jpg 300w\" sizes=\"auto, (max-width: 467px) 100vw, 467px\" \/><\/p>\n<p>Si voleu veure algunes de les fotos de l&#8217;activitat cliqueu <a href=\"https:\/\/photos.app.goo.gl\/jyWfReygSdN9QW9U8\">AQU\u00cd<\/a>.<\/p>\n","protected":false},"excerpt":{"rendered":"<p>Aquests dies, al pati, hem trobat dos animalons que normalment, per la seva mobilitat se&#8217;ns fa dif\u00edcil observar; un d&#8217;ells \u00e9s un espiadimonis i l&#8217;altre un abellot, que sovint escoltem brunzir prop de la finestra de la classe, buscant pol\u00b7len en els cirerers d&#8217;arbo\u00e7 del&hellip;  <a href=\"https:\/\/agora.xtec.cat\/zer-pedrera\/general\/experimentem-amb-la-lupa\/\" title=\"Read Experimentem amb la lupa\">Llegeix m\u00e9s\u00bb<\/a><\/p>\n","protected":false},"author":1,"featured_media":3087,"comment_status":"open","ping_status":"closed","sticky":false,"template":"","format":"standard","meta":{"_bbp_topic_count":0,"_bbp_reply_count":0,"_bbp_total_topic_count":0,"_bbp_total_reply_count":0,"_bbp_voice_count":0,"_bbp_anonymous_reply_count":0,"_bbp_topic_count_hidden":0,"_bbp_reply_count_hidden":0,"_bbp_forum_subforum_count":0,"footnotes":""},"categories":[113,111,1,29,89],"tags":[],"class_list":["post-3084","post","type-post","status-publish","format-standard","has-post-thumbnail","hentry","category-e-infantil","category-escola-porcel-de-cervera","category-general","category-portada","category-primaria"],"post_mailing_queue_ids":[],"_links":{"self":[{"href":"https:\/\/agora.xtec.cat\/zer-pedrera\/wp-json\/wp\/v2\/posts\/3084","targetHints":{"allow":["GET"]}}],"collection":[{"href":"https:\/\/agora.xtec.cat\/zer-pedrera\/wp-json\/wp\/v2\/posts"}],"about":[{"href":"https:\/\/agora.xtec.cat\/zer-pedrera\/wp-json\/wp\/v2\/types\/post"}],"author":[{"embeddable":true,"href":"https:\/\/agora.xtec.cat\/zer-pedrera\/wp-json\/wp\/v2\/users\/1"}],"replies":[{"embeddable":true,"href":"https:\/\/agora.xtec.cat\/zer-pedrera\/wp-json\/wp\/v2\/comments?post=3084"}],"version-history":[{"count":3,"href":"https:\/\/agora.xtec.cat\/zer-pedrera\/wp-json\/wp\/v2\/posts\/3084\/revisions"}],"predecessor-version":[{"id":3101,"href":"https:\/\/agora.xtec.cat\/zer-pedrera\/wp-json\/wp\/v2\/posts\/3084\/revisions\/3101"}],"wp:featuredmedia":[{"embeddable":true,"href":"https:\/\/agora.xtec.cat\/zer-pedrera\/wp-json\/wp\/v2\/media\/3087"}],"wp:attachment":[{"href":"https:\/\/agora.xtec.cat\/zer-pedrera\/wp-json\/wp\/v2\/media?parent=3084"}],"wp:term":[{"taxonomy":"category","embeddable":true,"href":"https:\/\/agora.xtec.cat\/zer-pedrera\/wp-json\/wp\/v2\/categories?post=3084"},{"taxonomy":"post_tag","embeddable":true,"href":"https:\/\/agora.xtec.cat\/zer-pedrera\/wp-json\/wp\/v2\/tags?post=3084"}],"curies":[{"name":"wp","href":"https:\/\/api.w.org\/{rel}","templated":true}]}}