{"id":3070,"date":"2020-11-16T20:28:25","date_gmt":"2020-11-16T19:28:25","guid":{"rendered":"http:\/\/agora.xtec.cat\/zer-pedrera\/?p=3070"},"modified":"2021-12-01T12:51:27","modified_gmt":"2021-12-01T11:51:27","slug":"ci-de-lescola-abat-ruera-experimentem-amb-cordes","status":"publish","type":"post","link":"https:\/\/agora.xtec.cat\/zer-pedrera\/general\/ci-de-lescola-abat-ruera-experimentem-amb-cordes\/","title":{"rendered":"CI de l&#8217;escola Abat Ruera. Experimentem amb cordes!!!"},"content":{"rendered":"<p>Tornem a treballar les matem\u00e0tiques de forma experimental. A partir de cordes repassem els conceptes treballats a classe: espiral, l\u00ednia oberta, l\u00ednia tancada, quadrat, cercle,&#8230;<\/p>\n<p><a href=\"https:\/\/photos.app.goo.gl\/KGW34XdWvuMfavod9\" target=\"_blank\" rel=\"noopener\"><img loading=\"lazy\" decoding=\"async\" class=\"aligncenter size-full wp-image-3071\" src=\"https:\/\/agora.xtec.cat\/zer-pedrera\/wp-content\/uploads\/usu1473\/2020\/11\/mini-5.jpeg\" alt=\"\" width=\"666\" height=\"375\" srcset=\"https:\/\/agora.xtec.cat\/zer-pedrera\/wp-content\/uploads\/usu1473\/2020\/11\/mini-5.jpeg 666w, https:\/\/agora.xtec.cat\/zer-pedrera\/wp-content\/uploads\/usu1473\/2020\/11\/mini-5-300x169.jpeg 300w\" sizes=\"auto, (max-width: 666px) 100vw, 666px\" \/><\/a><\/p>\n<p>Per veure m\u00e9s fotografies clicar <a href=\"https:\/\/photos.app.goo.gl\/KGW34XdWvuMfavod9\" target=\"_blank\" rel=\"noopener\">AQU\u00cd<\/a><\/p>\n","protected":false},"excerpt":{"rendered":"<p>Tornem a treballar les matem\u00e0tiques de forma experimental. A partir de cordes repassem els conceptes treballats a classe: espiral, l\u00ednia oberta, l\u00ednia tancada, quadrat, cercle,&#8230;<br \/>\n<a href=\"https:\/\/photos.app.goo.gl\/KGW34XdWvuMfavod9\" target=\"_blank\" rel=\"noopener\"><\/a><br \/>\nPer veure m\u00e9s fotografies clicar <a href=\"https:\/\/photos.app.goo.gl\/KGW34XdWvuMfavod9\" target=\"_blank\" rel=\"noopener\">AQU\u00cd<\/a><\/p>\n","protected":false},"author":1,"featured_media":3071,"comment_status":"open","ping_status":"closed","sticky":false,"template":"","format":"standard","meta":{"_bbp_topic_count":0,"_bbp_reply_count":0,"_bbp_total_topic_count":0,"_bbp_total_reply_count":0,"_bbp_voice_count":0,"_bbp_anonymous_reply_count":0,"_bbp_topic_count_hidden":0,"_bbp_reply_count_hidden":0,"_bbp_forum_subforum_count":0,"footnotes":""},"categories":[110,1,29,89],"tags":[],"class_list":["post-3070","post","type-post","status-publish","format-standard","has-post-thumbnail","hentry","category-escola-abat-ruera","category-general","category-portada","category-primaria"],"post_mailing_queue_ids":[],"_links":{"self":[{"href":"https:\/\/agora.xtec.cat\/zer-pedrera\/wp-json\/wp\/v2\/posts\/3070","targetHints":{"allow":["GET"]}}],"collection":[{"href":"https:\/\/agora.xtec.cat\/zer-pedrera\/wp-json\/wp\/v2\/posts"}],"about":[{"href":"https:\/\/agora.xtec.cat\/zer-pedrera\/wp-json\/wp\/v2\/types\/post"}],"author":[{"embeddable":true,"href":"https:\/\/agora.xtec.cat\/zer-pedrera\/wp-json\/wp\/v2\/users\/1"}],"replies":[{"embeddable":true,"href":"https:\/\/agora.xtec.cat\/zer-pedrera\/wp-json\/wp\/v2\/comments?post=3070"}],"version-history":[{"count":3,"href":"https:\/\/agora.xtec.cat\/zer-pedrera\/wp-json\/wp\/v2\/posts\/3070\/revisions"}],"predecessor-version":[{"id":5006,"href":"https:\/\/agora.xtec.cat\/zer-pedrera\/wp-json\/wp\/v2\/posts\/3070\/revisions\/5006"}],"wp:featuredmedia":[{"embeddable":true,"href":"https:\/\/agora.xtec.cat\/zer-pedrera\/wp-json\/wp\/v2\/media\/3071"}],"wp:attachment":[{"href":"https:\/\/agora.xtec.cat\/zer-pedrera\/wp-json\/wp\/v2\/media?parent=3070"}],"wp:term":[{"taxonomy":"category","embeddable":true,"href":"https:\/\/agora.xtec.cat\/zer-pedrera\/wp-json\/wp\/v2\/categories?post=3070"},{"taxonomy":"post_tag","embeddable":true,"href":"https:\/\/agora.xtec.cat\/zer-pedrera\/wp-json\/wp\/v2\/tags?post=3070"}],"curies":[{"name":"wp","href":"https:\/\/api.w.org\/{rel}","templated":true}]}}