{"id":3051,"date":"2020-11-18T23:01:08","date_gmt":"2020-11-18T22:01:08","guid":{"rendered":"http:\/\/agora.xtec.cat\/zer-pedrera\/?p=3051"},"modified":"2020-11-20T22:44:58","modified_gmt":"2020-11-20T21:44:58","slug":"anem-a-collir-olives","status":"publish","type":"post","link":"https:\/\/agora.xtec.cat\/zer-pedrera\/general\/anem-a-collir-olives\/","title":{"rendered":"Anem a collir olives"},"content":{"rendered":"<p>Aquests dies, dins del projecte dels arbres del pati en el qual treballem l&#8217;oliver, hem realitzat una activitat que ens ha semblat molt engrescadora: hem collit olives i ho hem fet amb les mans. Un cop cadasc\u00fa en tenia una safata m\u00e9s o menys plena, hem anat a la classe i hem utilitzat els diferents sentits per descriure com eren. Aix\u00f2 ens ajudar\u00e0 a con\u00e8ixer millor quin \u00e9s el fruit de l&#8217;olivera, el nostre arbre amic del pati. A m\u00e9s, tan engrescats est\u00e0vem, que l&#8217;Elisenda ens va portar una sarpeta o rasclet i vam voler provar-la. La veritat \u00e9s que amb aquesta eina utilitzada pels pagesos en la recollida de les olives, en vam avan\u00e7ar molt m\u00e9s i ja tenim les olives preparades per a la realitzaci\u00f3 de la propera activitat. En uns dies podreu descobrir quina ser\u00e0!!!!<\/p>\n<p><img loading=\"lazy\" decoding=\"async\" class=\"aligncenter size-full wp-image-3054\" src=\"https:\/\/agora.xtec.cat\/zer-pedrera\/wp-content\/uploads\/usu1473\/2020\/11\/Recollim-olives.jpg\" alt=\"\" width=\"568\" height=\"426\" srcset=\"https:\/\/agora.xtec.cat\/zer-pedrera\/wp-content\/uploads\/usu1473\/2020\/11\/Recollim-olives.jpg 568w, https:\/\/agora.xtec.cat\/zer-pedrera\/wp-content\/uploads\/usu1473\/2020\/11\/Recollim-olives-300x225.jpg 300w, https:\/\/agora.xtec.cat\/zer-pedrera\/wp-content\/uploads\/usu1473\/2020\/11\/Recollim-olives-200x150.jpg 200w\" sizes=\"auto, (max-width: 568px) 100vw, 568px\" \/><\/p>\n<p>&nbsp;<\/p>\n<p>Si voleu veure m\u00e9s fotos de la primera collita cliqueu <a href=\"https:\/\/photos.app.goo.gl\/CSFcaaMBUHKJGoG6A\">AQU\u00cd<\/a><\/p>\n<p>Si voleu veure m\u00e9s fotos de la segona recollida cliqueu <a href=\"https:\/\/photos.app.goo.gl\/KzstcRcsowa4Gzu99\">AQU\u00cd<\/a><\/p>\n","protected":false},"excerpt":{"rendered":"<p>Aquests dies, dins del projecte dels arbres del pati en el qual treballem l&#8217;oliver, hem realitzat una activitat que ens ha semblat molt engrescadora: hem collit olives i ho hem fet amb les mans. Un cop cadasc\u00fa en tenia una safata m\u00e9s o menys plena,&hellip;  <a href=\"https:\/\/agora.xtec.cat\/zer-pedrera\/general\/anem-a-collir-olives\/\" title=\"Read Anem a collir olives\">Llegeix m\u00e9s\u00bb<\/a><\/p>\n","protected":false},"author":1,"featured_media":3054,"comment_status":"open","ping_status":"closed","sticky":false,"template":"","format":"standard","meta":{"_bbp_topic_count":0,"_bbp_reply_count":0,"_bbp_total_topic_count":0,"_bbp_total_reply_count":0,"_bbp_voice_count":0,"_bbp_anonymous_reply_count":0,"_bbp_topic_count_hidden":0,"_bbp_reply_count_hidden":0,"_bbp_forum_subforum_count":0,"footnotes":""},"categories":[113,111,1,29,89],"tags":[],"class_list":["post-3051","post","type-post","status-publish","format-standard","has-post-thumbnail","hentry","category-e-infantil","category-escola-porcel-de-cervera","category-general","category-portada","category-primaria"],"post_mailing_queue_ids":[],"_links":{"self":[{"href":"https:\/\/agora.xtec.cat\/zer-pedrera\/wp-json\/wp\/v2\/posts\/3051","targetHints":{"allow":["GET"]}}],"collection":[{"href":"https:\/\/agora.xtec.cat\/zer-pedrera\/wp-json\/wp\/v2\/posts"}],"about":[{"href":"https:\/\/agora.xtec.cat\/zer-pedrera\/wp-json\/wp\/v2\/types\/post"}],"author":[{"embeddable":true,"href":"https:\/\/agora.xtec.cat\/zer-pedrera\/wp-json\/wp\/v2\/users\/1"}],"replies":[{"embeddable":true,"href":"https:\/\/agora.xtec.cat\/zer-pedrera\/wp-json\/wp\/v2\/comments?post=3051"}],"version-history":[{"count":3,"href":"https:\/\/agora.xtec.cat\/zer-pedrera\/wp-json\/wp\/v2\/posts\/3051\/revisions"}],"predecessor-version":[{"id":3103,"href":"https:\/\/agora.xtec.cat\/zer-pedrera\/wp-json\/wp\/v2\/posts\/3051\/revisions\/3103"}],"wp:featuredmedia":[{"embeddable":true,"href":"https:\/\/agora.xtec.cat\/zer-pedrera\/wp-json\/wp\/v2\/media\/3054"}],"wp:attachment":[{"href":"https:\/\/agora.xtec.cat\/zer-pedrera\/wp-json\/wp\/v2\/media?parent=3051"}],"wp:term":[{"taxonomy":"category","embeddable":true,"href":"https:\/\/agora.xtec.cat\/zer-pedrera\/wp-json\/wp\/v2\/categories?post=3051"},{"taxonomy":"post_tag","embeddable":true,"href":"https:\/\/agora.xtec.cat\/zer-pedrera\/wp-json\/wp\/v2\/tags?post=3051"}],"curies":[{"name":"wp","href":"https:\/\/api.w.org\/{rel}","templated":true}]}}