{"id":3011,"date":"2020-11-04T15:34:25","date_gmt":"2020-11-04T14:34:25","guid":{"rendered":"http:\/\/agora.xtec.cat\/zer-pedrera\/?p=3011"},"modified":"2020-11-04T15:34:25","modified_gmt":"2020-11-04T14:34:25","slug":"aniversari-biel-sarda-balcells","status":"publish","type":"post","link":"https:\/\/agora.xtec.cat\/zer-pedrera\/aniversaris\/aniversari-biel-sarda-balcells\/","title":{"rendered":"Aniversari Biel Sard\u00e0 Balcells"},"content":{"rendered":"<p>El dia 3 d&#8217;agost va fer l&#8217;aniversari el Biel de 6\u00e8 de prim\u00e0ria, a l&#8217;escola li hem regalat una targeta per felicitar-lo.<\/p>\n<p>PER MOLTS ANYS BIEL!<\/p>\n<p>&nbsp;<\/p>\n<p><img loading=\"lazy\" decoding=\"async\" class=\"\" src=\"https:\/\/agora.xtec.cat\/zer-pedrera\/wp-content\/uploads\/usu1473\/2020\/11\/foto-biel.jpg\" width=\"192\" height=\"256\" \/><\/p>\n","protected":false},"excerpt":{"rendered":"<p>El dia 3 d&#8217;agost va fer l&#8217;aniversari el Biel de 6\u00e8 de prim\u00e0ria, a l&#8217;escola li hem regalat una targeta per felicitar-lo.<br \/>\nPER MOLTS ANYS BIEL!<br \/>\n&nbsp;<\/p>\n","protected":false},"author":1,"featured_media":3012,"comment_status":"open","ping_status":"closed","sticky":false,"template":"","format":"standard","meta":{"_bbp_topic_count":0,"_bbp_reply_count":0,"_bbp_total_topic_count":0,"_bbp_total_reply_count":0,"_bbp_voice_count":0,"_bbp_anonymous_reply_count":0,"_bbp_topic_count_hidden":0,"_bbp_reply_count_hidden":0,"_bbp_forum_subforum_count":0,"footnotes":""},"categories":[146],"tags":[],"class_list":["post-3011","post","type-post","status-publish","format-standard","has-post-thumbnail","hentry","category-aniversaris"],"post_mailing_queue_ids":[],"_links":{"self":[{"href":"https:\/\/agora.xtec.cat\/zer-pedrera\/wp-json\/wp\/v2\/posts\/3011","targetHints":{"allow":["GET"]}}],"collection":[{"href":"https:\/\/agora.xtec.cat\/zer-pedrera\/wp-json\/wp\/v2\/posts"}],"about":[{"href":"https:\/\/agora.xtec.cat\/zer-pedrera\/wp-json\/wp\/v2\/types\/post"}],"author":[{"embeddable":true,"href":"https:\/\/agora.xtec.cat\/zer-pedrera\/wp-json\/wp\/v2\/users\/1"}],"replies":[{"embeddable":true,"href":"https:\/\/agora.xtec.cat\/zer-pedrera\/wp-json\/wp\/v2\/comments?post=3011"}],"version-history":[{"count":1,"href":"https:\/\/agora.xtec.cat\/zer-pedrera\/wp-json\/wp\/v2\/posts\/3011\/revisions"}],"predecessor-version":[{"id":3013,"href":"https:\/\/agora.xtec.cat\/zer-pedrera\/wp-json\/wp\/v2\/posts\/3011\/revisions\/3013"}],"wp:featuredmedia":[{"embeddable":true,"href":"https:\/\/agora.xtec.cat\/zer-pedrera\/wp-json\/wp\/v2\/media\/3012"}],"wp:attachment":[{"href":"https:\/\/agora.xtec.cat\/zer-pedrera\/wp-json\/wp\/v2\/media?parent=3011"}],"wp:term":[{"taxonomy":"category","embeddable":true,"href":"https:\/\/agora.xtec.cat\/zer-pedrera\/wp-json\/wp\/v2\/categories?post=3011"},{"taxonomy":"post_tag","embeddable":true,"href":"https:\/\/agora.xtec.cat\/zer-pedrera\/wp-json\/wp\/v2\/tags?post=3011"}],"curies":[{"name":"wp","href":"https:\/\/api.w.org\/{rel}","templated":true}]}}