{"id":2982,"date":"2020-11-04T23:16:31","date_gmt":"2020-11-04T22:16:31","guid":{"rendered":"http:\/\/agora.xtec.cat\/zer-pedrera\/?p=2982"},"modified":"2020-11-04T23:16:31","modified_gmt":"2020-11-04T22:16:31","slug":"sortida-de-tardor-dei-i-ci-de-lespluga-calba","status":"publish","type":"post","link":"https:\/\/agora.xtec.cat\/zer-pedrera\/general\/sortida-de-tardor-dei-i-ci-de-lespluga-calba\/","title":{"rendered":"Sortida de Tardor d&#8217;EI i CI de l&#8217;Espluga Calba"},"content":{"rendered":"<p>El dimecres\u00a0 28 d&#8217;octubre, els nens i les nenes de la classe dels petits, vam anar a fer una passejada pels voltants de l&#8217;Espluga Calba per tal d&#8217;observar els canvis en el paisatge esdevinguts per l&#8217;arribada de la tardor. Durant la sortida, port\u00e0vem unes graelles on hav\u00edem d&#8217;anar marcant tot all\u00f2 que an\u00e0vem veient. Tamb\u00e9 vam recollir diversos fruits, fulles i caragols, vam cantar can\u00e7ons i fins i tot vam fer una cursa!!!!<\/p>\n<p>Ens ho vam passar genial. De ben segur que repetirem!!!!<\/p>\n<p><img loading=\"lazy\" decoding=\"async\" class=\"aligncenter wp-image-2984\" src=\"https:\/\/agora.xtec.cat\/zer-pedrera\/wp-content\/uploads\/usu1473\/2020\/11\/13-e1604269084735.jpg\" alt=\"\" width=\"557\" height=\"399\" srcset=\"https:\/\/agora.xtec.cat\/zer-pedrera\/wp-content\/uploads\/usu1473\/2020\/11\/13-e1604269084735.jpg 1256w, https:\/\/agora.xtec.cat\/zer-pedrera\/wp-content\/uploads\/usu1473\/2020\/11\/13-e1604269084735-300x215.jpg 300w, https:\/\/agora.xtec.cat\/zer-pedrera\/wp-content\/uploads\/usu1473\/2020\/11\/13-e1604269084735-768x550.jpg 768w, https:\/\/agora.xtec.cat\/zer-pedrera\/wp-content\/uploads\/usu1473\/2020\/11\/13-e1604269084735-1024x734.jpg 1024w\" sizes=\"auto, (max-width: 557px) 100vw, 557px\" \/><\/p>\n<p>Si voleu veure algunes fotos de la sortida podeu clicar <a href=\"https:\/\/photos.app.goo.gl\/U3LDDjHJ5ZwCmJGs8\">aqu\u00ed<\/a>.<\/p>\n","protected":false},"excerpt":{"rendered":"<p>El dimecres\u00a0 28 d&#8217;octubre, els nens i les nenes de la classe dels petits, vam anar a fer una passejada pels voltants de l&#8217;Espluga Calba per tal d&#8217;observar els canvis en el paisatge esdevinguts per l&#8217;arribada de la tardor. Durant la sortida, port\u00e0vem unes graelles&hellip;  <a href=\"https:\/\/agora.xtec.cat\/zer-pedrera\/general\/sortida-de-tardor-dei-i-ci-de-lespluga-calba\/\" title=\"Read Sortida de Tardor d&#8217;EI i CI de l&#8217;Espluga Calba\">Llegeix m\u00e9s\u00bb<\/a><\/p>\n","protected":false},"author":1,"featured_media":2984,"comment_status":"open","ping_status":"closed","sticky":false,"template":"","format":"standard","meta":{"_bbp_topic_count":0,"_bbp_reply_count":0,"_bbp_total_topic_count":0,"_bbp_total_reply_count":0,"_bbp_voice_count":0,"_bbp_anonymous_reply_count":0,"_bbp_topic_count_hidden":0,"_bbp_reply_count_hidden":0,"_bbp_forum_subforum_count":0,"footnotes":""},"categories":[111,1,29],"tags":[],"class_list":["post-2982","post","type-post","status-publish","format-standard","has-post-thumbnail","hentry","category-escola-porcel-de-cervera","category-general","category-portada"],"post_mailing_queue_ids":[],"_links":{"self":[{"href":"https:\/\/agora.xtec.cat\/zer-pedrera\/wp-json\/wp\/v2\/posts\/2982","targetHints":{"allow":["GET"]}}],"collection":[{"href":"https:\/\/agora.xtec.cat\/zer-pedrera\/wp-json\/wp\/v2\/posts"}],"about":[{"href":"https:\/\/agora.xtec.cat\/zer-pedrera\/wp-json\/wp\/v2\/types\/post"}],"author":[{"embeddable":true,"href":"https:\/\/agora.xtec.cat\/zer-pedrera\/wp-json\/wp\/v2\/users\/1"}],"replies":[{"embeddable":true,"href":"https:\/\/agora.xtec.cat\/zer-pedrera\/wp-json\/wp\/v2\/comments?post=2982"}],"version-history":[{"count":3,"href":"https:\/\/agora.xtec.cat\/zer-pedrera\/wp-json\/wp\/v2\/posts\/2982\/revisions"}],"predecessor-version":[{"id":3019,"href":"https:\/\/agora.xtec.cat\/zer-pedrera\/wp-json\/wp\/v2\/posts\/2982\/revisions\/3019"}],"wp:featuredmedia":[{"embeddable":true,"href":"https:\/\/agora.xtec.cat\/zer-pedrera\/wp-json\/wp\/v2\/media\/2984"}],"wp:attachment":[{"href":"https:\/\/agora.xtec.cat\/zer-pedrera\/wp-json\/wp\/v2\/media?parent=2982"}],"wp:term":[{"taxonomy":"category","embeddable":true,"href":"https:\/\/agora.xtec.cat\/zer-pedrera\/wp-json\/wp\/v2\/categories?post=2982"},{"taxonomy":"post_tag","embeddable":true,"href":"https:\/\/agora.xtec.cat\/zer-pedrera\/wp-json\/wp\/v2\/tags?post=2982"}],"curies":[{"name":"wp","href":"https:\/\/api.w.org\/{rel}","templated":true}]}}