{"id":2976,"date":"2020-11-01T19:48:37","date_gmt":"2020-11-01T18:48:37","guid":{"rendered":"http:\/\/agora.xtec.cat\/zer-pedrera\/?p=2976"},"modified":"2020-11-01T19:49:42","modified_gmt":"2020-11-01T18:49:42","slug":"grans-lectors-a-cm-cs","status":"publish","type":"post","link":"https:\/\/agora.xtec.cat\/zer-pedrera\/portada\/grans-lectors-a-cm-cs\/","title":{"rendered":"Grans lectors a CM-CS"},"content":{"rendered":"<p>A la classe de CM-CS ens agrada molt llegir i aprofitem al m\u00e0xim la primera mitja hora del dia per potenciar la lectura i devorar llibres.<\/p>\n<p>Quan acabem de llegir un llibre, en realitzem una petita fitxa t\u00e8cnica i l&#8217;exposem als nostres companys. Aix\u00ed, els hi expliquem qui n&#8217;\u00e9s l&#8217;autor\/a i il\u00b7lustrador\/a, de quina editorial \u00e9s, a quin g\u00e8nere pertany, quin \u00e9s l&#8217;argument i els personatges, si ens ha agradat i si el recomanem.<\/p>\n<p>Clicant <a href=\"https:\/\/drive.google.com\/drive\/folders\/1E_sq-L0mk20Mg67cERwtHCKReEfIDH_D?usp=sharing\">AQU\u00cd<\/a> podreu veure els llibres que ens hem llegit i hem recomanat durant el mes d&#8217;octubre.<\/p>\n","protected":false},"excerpt":{"rendered":"<p>A la classe de CM-CS ens agrada molt llegir i aprofitem al m\u00e0xim la primera mitja hora del dia per potenciar la lectura i devorar llibres.<br \/>\nQuan acabem de llegir un llibre, en realitzem una petita fitxa t\u00e8cnica i l&#8217;exposem als nostres companys. Aix\u00ed, els hi&hellip;  <a href=\"https:\/\/agora.xtec.cat\/zer-pedrera\/portada\/grans-lectors-a-cm-cs\/\" title=\"Read Grans lectors a CM-CS\">Llegeix m\u00e9s\u00bb<\/a><\/p>\n","protected":false},"author":1,"featured_media":2977,"comment_status":"open","ping_status":"closed","sticky":false,"template":"","format":"standard","meta":{"_bbp_topic_count":0,"_bbp_reply_count":0,"_bbp_total_topic_count":0,"_bbp_total_reply_count":0,"_bbp_voice_count":0,"_bbp_anonymous_reply_count":0,"_bbp_topic_count_hidden":0,"_bbp_reply_count_hidden":0,"_bbp_forum_subforum_count":0,"footnotes":""},"categories":[110,29],"tags":[158],"class_list":["post-2976","post","type-post","status-publish","format-standard","has-post-thumbnail","hentry","category-escola-abat-ruera","category-portada","tag-lectura"],"post_mailing_queue_ids":[],"_links":{"self":[{"href":"https:\/\/agora.xtec.cat\/zer-pedrera\/wp-json\/wp\/v2\/posts\/2976","targetHints":{"allow":["GET"]}}],"collection":[{"href":"https:\/\/agora.xtec.cat\/zer-pedrera\/wp-json\/wp\/v2\/posts"}],"about":[{"href":"https:\/\/agora.xtec.cat\/zer-pedrera\/wp-json\/wp\/v2\/types\/post"}],"author":[{"embeddable":true,"href":"https:\/\/agora.xtec.cat\/zer-pedrera\/wp-json\/wp\/v2\/users\/1"}],"replies":[{"embeddable":true,"href":"https:\/\/agora.xtec.cat\/zer-pedrera\/wp-json\/wp\/v2\/comments?post=2976"}],"version-history":[{"count":3,"href":"https:\/\/agora.xtec.cat\/zer-pedrera\/wp-json\/wp\/v2\/posts\/2976\/revisions"}],"predecessor-version":[{"id":2981,"href":"https:\/\/agora.xtec.cat\/zer-pedrera\/wp-json\/wp\/v2\/posts\/2976\/revisions\/2981"}],"wp:featuredmedia":[{"embeddable":true,"href":"https:\/\/agora.xtec.cat\/zer-pedrera\/wp-json\/wp\/v2\/media\/2977"}],"wp:attachment":[{"href":"https:\/\/agora.xtec.cat\/zer-pedrera\/wp-json\/wp\/v2\/media?parent=2976"}],"wp:term":[{"taxonomy":"category","embeddable":true,"href":"https:\/\/agora.xtec.cat\/zer-pedrera\/wp-json\/wp\/v2\/categories?post=2976"},{"taxonomy":"post_tag","embeddable":true,"href":"https:\/\/agora.xtec.cat\/zer-pedrera\/wp-json\/wp\/v2\/tags?post=2976"}],"curies":[{"name":"wp","href":"https:\/\/api.w.org\/{rel}","templated":true}]}}