{"id":2899,"date":"2020-10-30T08:49:31","date_gmt":"2020-10-30T07:49:31","guid":{"rendered":"http:\/\/agora.xtec.cat\/zer-pedrera\/?p=2899"},"modified":"2020-10-30T08:49:31","modified_gmt":"2020-10-30T07:49:31","slug":"gerard-torradeflot-i-la-solucio-de-lenigma","status":"publish","type":"post","link":"https:\/\/agora.xtec.cat\/zer-pedrera\/general\/gerard-torradeflot-i-la-solucio-de-lenigma\/","title":{"rendered":"Gerard Torradeflot i la soluci\u00f3 de l&#8217;enigma"},"content":{"rendered":"<p>Podria ser un t\u00edtol d&#8217;un llibre d&#8217;aventures&#8230; Per\u00f2 no! \u00c9s ben realitat que el Gerard Torradeflot Angl\u00e8s ha trobat la soluci\u00f3 a l&#8217;enigma d&#8217;aquesta setmana.<\/p>\n<p>Moltes felicitats Gerard!!!<\/p>\n<p><img loading=\"lazy\" decoding=\"async\" class=\"aligncenter size-full wp-image-2900\" src=\"https:\/\/agora.xtec.cat\/zer-pedrera\/wp-content\/uploads\/usu1473\/2020\/10\/WhatsApp-Image-2020-10-29-at-12.47.02_01.jpeg\" alt=\"\" width=\"375\" height=\"666\" srcset=\"https:\/\/agora.xtec.cat\/zer-pedrera\/wp-content\/uploads\/usu1473\/2020\/10\/WhatsApp-Image-2020-10-29-at-12.47.02_01.jpeg 375w, https:\/\/agora.xtec.cat\/zer-pedrera\/wp-content\/uploads\/usu1473\/2020\/10\/WhatsApp-Image-2020-10-29-at-12.47.02_01-169x300.jpeg 169w\" sizes=\"auto, (max-width: 375px) 100vw, 375px\" \/><\/p>\n<p>M\u00e9s fotos<a href=\"https:\/\/photos.app.goo.gl\/qihyb7CC82Y4XnMY9\" target=\"_blank\" rel=\"noopener noreferrer\"> AQU\u00cd<\/a>.<\/p>\n<p>I la setmana vinent&#8230;<\/p>\n<p>(donem als m\u00e9s petits la grata oportunitat d&#8217;esbrinar l&#8217;enigma de forma aut\u00f2noma!)<\/p>\n<p><img loading=\"lazy\" decoding=\"async\" class=\"aligncenter size-full wp-image-2901\" src=\"https:\/\/agora.xtec.cat\/zer-pedrera\/wp-content\/uploads\/usu1473\/2020\/10\/WhatsApp-Image-2020-10-29-at-12.50.52.jpeg\" alt=\"\" width=\"616\" height=\"405\" srcset=\"https:\/\/agora.xtec.cat\/zer-pedrera\/wp-content\/uploads\/usu1473\/2020\/10\/WhatsApp-Image-2020-10-29-at-12.50.52.jpeg 616w, https:\/\/agora.xtec.cat\/zer-pedrera\/wp-content\/uploads\/usu1473\/2020\/10\/WhatsApp-Image-2020-10-29-at-12.50.52-300x197.jpeg 300w\" sizes=\"auto, (max-width: 616px) 100vw, 616px\" \/><\/p>\n","protected":false},"excerpt":{"rendered":"<p>Podria ser un t\u00edtol d&#8217;un llibre d&#8217;aventures&#8230; Per\u00f2 no! \u00c9s ben realitat que el Gerard Torradeflot Angl\u00e8s ha trobat la soluci\u00f3 a l&#8217;enigma d&#8217;aquesta setmana.<br \/>\nMoltes felicitats Gerard!!!<\/p>\n<p>M\u00e9s fotos<a href=\"https:\/\/photos.app.goo.gl\/qihyb7CC82Y4XnMY9\" target=\"_blank\" rel=\"noopener noreferrer\"> AQU\u00cd<\/a>.<br \/>\nI la setmana vinent&#8230;<br \/>\n(donem als m\u00e9s petits la grata oportunitat d&#8217;esbrinar l&#8217;enigma de&hellip;  <a href=\"https:\/\/agora.xtec.cat\/zer-pedrera\/general\/gerard-torradeflot-i-la-solucio-de-lenigma\/\" title=\"Read Gerard Torradeflot i la soluci\u00f3 de l&#8217;enigma\">Llegeix m\u00e9s\u00bb<\/a><\/p>\n","protected":false},"author":1,"featured_media":2900,"comment_status":"open","ping_status":"closed","sticky":false,"template":"","format":"standard","meta":{"_bbp_topic_count":0,"_bbp_reply_count":0,"_bbp_total_topic_count":0,"_bbp_total_reply_count":0,"_bbp_voice_count":0,"_bbp_anonymous_reply_count":0,"_bbp_topic_count_hidden":0,"_bbp_reply_count_hidden":0,"_bbp_forum_subforum_count":0,"footnotes":""},"categories":[110,1,29,89],"tags":[],"class_list":["post-2899","post","type-post","status-publish","format-standard","has-post-thumbnail","hentry","category-escola-abat-ruera","category-general","category-portada","category-primaria"],"post_mailing_queue_ids":[],"_links":{"self":[{"href":"https:\/\/agora.xtec.cat\/zer-pedrera\/wp-json\/wp\/v2\/posts\/2899","targetHints":{"allow":["GET"]}}],"collection":[{"href":"https:\/\/agora.xtec.cat\/zer-pedrera\/wp-json\/wp\/v2\/posts"}],"about":[{"href":"https:\/\/agora.xtec.cat\/zer-pedrera\/wp-json\/wp\/v2\/types\/post"}],"author":[{"embeddable":true,"href":"https:\/\/agora.xtec.cat\/zer-pedrera\/wp-json\/wp\/v2\/users\/1"}],"replies":[{"embeddable":true,"href":"https:\/\/agora.xtec.cat\/zer-pedrera\/wp-json\/wp\/v2\/comments?post=2899"}],"version-history":[{"count":1,"href":"https:\/\/agora.xtec.cat\/zer-pedrera\/wp-json\/wp\/v2\/posts\/2899\/revisions"}],"predecessor-version":[{"id":2902,"href":"https:\/\/agora.xtec.cat\/zer-pedrera\/wp-json\/wp\/v2\/posts\/2899\/revisions\/2902"}],"wp:featuredmedia":[{"embeddable":true,"href":"https:\/\/agora.xtec.cat\/zer-pedrera\/wp-json\/wp\/v2\/media\/2900"}],"wp:attachment":[{"href":"https:\/\/agora.xtec.cat\/zer-pedrera\/wp-json\/wp\/v2\/media?parent=2899"}],"wp:term":[{"taxonomy":"category","embeddable":true,"href":"https:\/\/agora.xtec.cat\/zer-pedrera\/wp-json\/wp\/v2\/categories?post=2899"},{"taxonomy":"post_tag","embeddable":true,"href":"https:\/\/agora.xtec.cat\/zer-pedrera\/wp-json\/wp\/v2\/tags?post=2899"}],"curies":[{"name":"wp","href":"https:\/\/api.w.org\/{rel}","templated":true}]}}