{"id":2882,"date":"2020-10-23T18:05:43","date_gmt":"2020-10-23T16:05:43","guid":{"rendered":"http:\/\/agora.xtec.cat\/zer-pedrera\/?p=2882"},"modified":"2020-10-23T18:06:19","modified_gmt":"2020-10-23T16:06:19","slug":"la-maquina-de-vapor-de-cicle-mitja-i-superior","status":"publish","type":"post","link":"https:\/\/agora.xtec.cat\/zer-pedrera\/general\/la-maquina-de-vapor-de-cicle-mitja-i-superior\/","title":{"rendered":"La m\u00e0quina de vapor de Cicle Mitj\u00e0 i Superior"},"content":{"rendered":"<p>Alerta! els enginyers de Cicle Mitj\u00e0 i de Cicle Superior han dissenyat la seva pr\u00f2pia m\u00e0quina de vapor. Ho han fet dins el projecte &#8220;MAT\u00c8RIA I ENERGIA&#8221;.<\/p>\n<p>Hi ha alumnes per\u00f2, que han volgut anar m\u00e9s enll\u00e0 i que han aplicat la seva m\u00e0quina de vapor a artefactes que ben aviat testarem. A veure si els seus dissenys seran \u00fatils i funcionals? Ens haurem d&#8217;esperar una mica per comprovar-ho, fins que els seus invents estiguin acabats.<\/p>\n<p>De moment, us adjuntem el v\u00eddeo de la posada en marxa de les m\u00e0quines de vapor que fan rodar els molinets. No us ho perdeu!!!<\/p>\n<p><iframe loading=\"lazy\" title=\"M\u00e0quina de vapor\" width=\"500\" height=\"375\" src=\"https:\/\/www.youtube.com\/embed\/wHTd66qmCek?feature=oembed\" frameborder=\"0\" allow=\"accelerometer; autoplay; clipboard-write; encrypted-media; gyroscope; picture-in-picture; web-share\" referrerpolicy=\"strict-origin-when-cross-origin\" allowfullscreen><\/iframe><\/p>\n","protected":false},"excerpt":{"rendered":"<p>Alerta! els enginyers de Cicle Mitj\u00e0 i de Cicle Superior han dissenyat la seva pr\u00f2pia m\u00e0quina de vapor. Ho han fet dins el projecte &#8220;MAT\u00c8RIA I ENERGIA&#8221;.<br \/>\nHi ha alumnes per\u00f2, que han volgut anar m\u00e9s enll\u00e0 i que han aplicat la seva m\u00e0quina de vapor&hellip;  <a href=\"https:\/\/agora.xtec.cat\/zer-pedrera\/general\/la-maquina-de-vapor-de-cicle-mitja-i-superior\/\" title=\"Read La m\u00e0quina de vapor de Cicle Mitj\u00e0 i Superior\">Llegeix m\u00e9s\u00bb<\/a><\/p>\n","protected":false},"author":1,"featured_media":2883,"comment_status":"open","ping_status":"closed","sticky":false,"template":"","format":"standard","meta":{"_bbp_topic_count":0,"_bbp_reply_count":0,"_bbp_total_topic_count":0,"_bbp_total_reply_count":0,"_bbp_voice_count":0,"_bbp_anonymous_reply_count":0,"_bbp_topic_count_hidden":0,"_bbp_reply_count_hidden":0,"_bbp_forum_subforum_count":0,"footnotes":""},"categories":[110,1,116,29,89,120],"tags":[],"class_list":["post-2882","post","type-post","status-publish","format-standard","has-post-thumbnail","hentry","category-escola-abat-ruera","category-general","category-medi","category-portada","category-primaria","category-projectes"],"post_mailing_queue_ids":[],"_links":{"self":[{"href":"https:\/\/agora.xtec.cat\/zer-pedrera\/wp-json\/wp\/v2\/posts\/2882","targetHints":{"allow":["GET"]}}],"collection":[{"href":"https:\/\/agora.xtec.cat\/zer-pedrera\/wp-json\/wp\/v2\/posts"}],"about":[{"href":"https:\/\/agora.xtec.cat\/zer-pedrera\/wp-json\/wp\/v2\/types\/post"}],"author":[{"embeddable":true,"href":"https:\/\/agora.xtec.cat\/zer-pedrera\/wp-json\/wp\/v2\/users\/1"}],"replies":[{"embeddable":true,"href":"https:\/\/agora.xtec.cat\/zer-pedrera\/wp-json\/wp\/v2\/comments?post=2882"}],"version-history":[{"count":1,"href":"https:\/\/agora.xtec.cat\/zer-pedrera\/wp-json\/wp\/v2\/posts\/2882\/revisions"}],"predecessor-version":[{"id":2884,"href":"https:\/\/agora.xtec.cat\/zer-pedrera\/wp-json\/wp\/v2\/posts\/2882\/revisions\/2884"}],"wp:featuredmedia":[{"embeddable":true,"href":"https:\/\/agora.xtec.cat\/zer-pedrera\/wp-json\/wp\/v2\/media\/2883"}],"wp:attachment":[{"href":"https:\/\/agora.xtec.cat\/zer-pedrera\/wp-json\/wp\/v2\/media?parent=2882"}],"wp:term":[{"taxonomy":"category","embeddable":true,"href":"https:\/\/agora.xtec.cat\/zer-pedrera\/wp-json\/wp\/v2\/categories?post=2882"},{"taxonomy":"post_tag","embeddable":true,"href":"https:\/\/agora.xtec.cat\/zer-pedrera\/wp-json\/wp\/v2\/tags?post=2882"}],"curies":[{"name":"wp","href":"https:\/\/api.w.org\/{rel}","templated":true}]}}