{"id":2877,"date":"2020-10-23T15:56:54","date_gmt":"2020-10-23T13:56:54","guid":{"rendered":"http:\/\/agora.xtec.cat\/zer-pedrera\/?p=2877"},"modified":"2020-10-23T15:58:28","modified_gmt":"2020-10-23T13:58:28","slug":"enigma-de-la-setmana-resolt","status":"publish","type":"post","link":"https:\/\/agora.xtec.cat\/zer-pedrera\/general\/enigma-de-la-setmana-resolt\/","title":{"rendered":"Enigma de la setmana resolt!"},"content":{"rendered":"<p>And the winner is&#8230;<\/p>\n<p><strong>\ud83c\udfc6GERARD NAV\u00c9S MART\u00cdNEZ!!!\ud83c\udfc6<\/strong><\/p>\n<p>Congratulations Gerard!<\/p>\n<p><img loading=\"lazy\" decoding=\"async\" class=\"aligncenter size-full wp-image-2878\" src=\"https:\/\/agora.xtec.cat\/zer-pedrera\/wp-content\/uploads\/usu1473\/2020\/10\/WhatsApp-Image-2020-10-23-at-12.20.43_1.jpeg\" alt=\"\" width=\"375\" height=\"666\" srcset=\"https:\/\/agora.xtec.cat\/zer-pedrera\/wp-content\/uploads\/usu1473\/2020\/10\/WhatsApp-Image-2020-10-23-at-12.20.43_1.jpeg 375w, https:\/\/agora.xtec.cat\/zer-pedrera\/wp-content\/uploads\/usu1473\/2020\/10\/WhatsApp-Image-2020-10-23-at-12.20.43_1-169x300.jpeg 169w\" sizes=\"auto, (max-width: 375px) 100vw, 375px\" \/><\/p>\n<p>El Gerard ha esbrinat que la Laura Negre t\u00e9 els cabells blancs, que en Pau Ros t\u00e9 els cabells negres i que en Pere Blanc \u00e9s ros.<\/p>\n<p>M\u00e9s imatges, <a href=\"https:\/\/photos.app.goo.gl\/Xn4k1icodTU6cjSP7\" target=\"_blank\" rel=\"noopener noreferrer\">AQU\u00cd<\/a>!<\/p>\n<p>I la setmana vinent&#8230;<\/p>\n<p><img loading=\"lazy\" decoding=\"async\" class=\"aligncenter size-full wp-image-2879\" src=\"https:\/\/agora.xtec.cat\/zer-pedrera\/wp-content\/uploads\/usu1473\/2020\/10\/WhatsApp-Image-2020-10-23-at-12.25.12-2.jpeg\" alt=\"\" width=\"592\" height=\"422\" srcset=\"https:\/\/agora.xtec.cat\/zer-pedrera\/wp-content\/uploads\/usu1473\/2020\/10\/WhatsApp-Image-2020-10-23-at-12.25.12-2.jpeg 592w, https:\/\/agora.xtec.cat\/zer-pedrera\/wp-content\/uploads\/usu1473\/2020\/10\/WhatsApp-Image-2020-10-23-at-12.25.12-2-300x214.jpeg 300w\" sizes=\"auto, (max-width: 592px) 100vw, 592px\" \/><\/p>\n","protected":false},"excerpt":{"rendered":"<p>And the winner is&#8230;<br \/>\n\ud83c\udfc6GERARD NAV\u00c9S MART\u00cdNEZ!!!\ud83c\udfc6<br \/>\nCongratulations Gerard!<\/p>\n<p>El Gerard ha esbrinat que la Laura Negre t\u00e9 els cabells blancs, que en Pau Ros t\u00e9 els cabells negres i que en Pere Blanc \u00e9s ros.<br \/>\nM\u00e9s imatges, <a href=\"https:\/\/photos.app.goo.gl\/Xn4k1icodTU6cjSP7\" target=\"_blank\" rel=\"noopener noreferrer\">AQU\u00cd<\/a>!<br \/>\nI la setmana vinent&#8230;<\/p>\n","protected":false},"author":1,"featured_media":2878,"comment_status":"open","ping_status":"closed","sticky":false,"template":"","format":"standard","meta":{"_bbp_topic_count":0,"_bbp_reply_count":0,"_bbp_total_topic_count":0,"_bbp_total_reply_count":0,"_bbp_voice_count":0,"_bbp_anonymous_reply_count":0,"_bbp_topic_count_hidden":0,"_bbp_reply_count_hidden":0,"_bbp_forum_subforum_count":0,"footnotes":""},"categories":[110,1,29,89],"tags":[],"class_list":["post-2877","post","type-post","status-publish","format-standard","has-post-thumbnail","hentry","category-escola-abat-ruera","category-general","category-portada","category-primaria"],"post_mailing_queue_ids":[],"_links":{"self":[{"href":"https:\/\/agora.xtec.cat\/zer-pedrera\/wp-json\/wp\/v2\/posts\/2877","targetHints":{"allow":["GET"]}}],"collection":[{"href":"https:\/\/agora.xtec.cat\/zer-pedrera\/wp-json\/wp\/v2\/posts"}],"about":[{"href":"https:\/\/agora.xtec.cat\/zer-pedrera\/wp-json\/wp\/v2\/types\/post"}],"author":[{"embeddable":true,"href":"https:\/\/agora.xtec.cat\/zer-pedrera\/wp-json\/wp\/v2\/users\/1"}],"replies":[{"embeddable":true,"href":"https:\/\/agora.xtec.cat\/zer-pedrera\/wp-json\/wp\/v2\/comments?post=2877"}],"version-history":[{"count":1,"href":"https:\/\/agora.xtec.cat\/zer-pedrera\/wp-json\/wp\/v2\/posts\/2877\/revisions"}],"predecessor-version":[{"id":2880,"href":"https:\/\/agora.xtec.cat\/zer-pedrera\/wp-json\/wp\/v2\/posts\/2877\/revisions\/2880"}],"wp:featuredmedia":[{"embeddable":true,"href":"https:\/\/agora.xtec.cat\/zer-pedrera\/wp-json\/wp\/v2\/media\/2878"}],"wp:attachment":[{"href":"https:\/\/agora.xtec.cat\/zer-pedrera\/wp-json\/wp\/v2\/media?parent=2877"}],"wp:term":[{"taxonomy":"category","embeddable":true,"href":"https:\/\/agora.xtec.cat\/zer-pedrera\/wp-json\/wp\/v2\/categories?post=2877"},{"taxonomy":"post_tag","embeddable":true,"href":"https:\/\/agora.xtec.cat\/zer-pedrera\/wp-json\/wp\/v2\/tags?post=2877"}],"curies":[{"name":"wp","href":"https:\/\/api.w.org\/{rel}","templated":true}]}}