{"id":2821,"date":"2020-10-16T17:05:23","date_gmt":"2020-10-16T15:05:23","guid":{"rendered":"http:\/\/agora.xtec.cat\/zer-pedrera\/?p=2821"},"modified":"2020-10-16T20:22:26","modified_gmt":"2020-10-16T18:22:26","slug":"som-la-classe-dels-astronautes","status":"publish","type":"post","link":"https:\/\/agora.xtec.cat\/zer-pedrera\/general\/som-la-classe-dels-astronautes\/","title":{"rendered":"Som la classe dels astronautes"},"content":{"rendered":"<p>Els i les alumnes d&#8217;Educaci\u00f3 Infantil de l&#8217;escola&#8221;Abat Ruera&#8221;<span style=\"font-family: inherit; font-size: 1em;\"> de Puiggr\u00f2s ja tenim nom de la classe, som ASTRONAUTES! Hem triat aquest nom perqu\u00e8 ens apassiona aquest m\u00f3n de l&#8217;espai i durant tot els curs cercarem coses i informaci\u00f3 \u00a0sobre \u00a0l&#8217;univers.<\/span><\/p>\n<p>QU\u00c8 EMOCIONANT!!!<\/p>\n<p><img loading=\"lazy\" decoding=\"async\" class=\"aligncenter size-thumbnail wp-image-2829\" src=\"https:\/\/agora.xtec.cat\/zer-pedrera\/wp-content\/uploads\/usu1473\/2020\/10\/20201016_1711342-150x150.jpg\" alt=\"\" width=\"150\" height=\"150\" \/><\/p>\n<p><img loading=\"lazy\" decoding=\"async\" class=\"aligncenter size-thumbnail wp-image-2825\" src=\"https:\/\/agora.xtec.cat\/zer-pedrera\/wp-content\/uploads\/usu1473\/2020\/10\/20201013_1550562-150x150.jpg\" alt=\"\" width=\"150\" height=\"150\" \/><\/p>\n<p><img loading=\"lazy\" decoding=\"async\" class=\"aligncenter size-thumbnail wp-image-2824\" src=\"https:\/\/agora.xtec.cat\/zer-pedrera\/wp-content\/uploads\/usu1473\/2020\/10\/20201013_1550412-150x150.jpg\" alt=\"\" width=\"150\" height=\"150\" \/><\/p>\n<p><img loading=\"lazy\" decoding=\"async\" class=\"aligncenter size-thumbnail wp-image-2827\" src=\"https:\/\/agora.xtec.cat\/zer-pedrera\/wp-content\/uploads\/usu1473\/2020\/10\/20201013_1550112-150x150.jpg\" alt=\"\" width=\"150\" height=\"150\" \/><\/p>\n<p><img loading=\"lazy\" decoding=\"async\" class=\"aligncenter size-thumbnail wp-image-2826\" src=\"https:\/\/agora.xtec.cat\/zer-pedrera\/wp-content\/uploads\/usu1473\/2020\/10\/20201013_154945-150x150.jpg\" alt=\"\" width=\"150\" height=\"150\" \/><\/p>\n<p>&nbsp;<\/p>\n","protected":false},"excerpt":{"rendered":"<p>Els i les alumnes d&#8217;Educaci\u00f3 Infantil de l&#8217;escola&#8221;Abat Ruera&#8221; de Puiggr\u00f2s ja tenim nom de la classe, som ASTRONAUTES! Hem triat aquest nom perqu\u00e8 ens apassiona aquest m\u00f3n de l&#8217;espai i durant tot els curs cercarem coses i informaci\u00f3 \u00a0sobre \u00a0l&#8217;univers.<br \/>\nQU\u00c8 EMOCIONANT!!!<\/p>\n<p>&nbsp;<\/p>\n","protected":false},"author":1,"featured_media":2822,"comment_status":"open","ping_status":"closed","sticky":false,"template":"","format":"standard","meta":{"_bbp_topic_count":0,"_bbp_reply_count":0,"_bbp_total_topic_count":0,"_bbp_total_reply_count":0,"_bbp_voice_count":0,"_bbp_anonymous_reply_count":0,"_bbp_topic_count_hidden":0,"_bbp_reply_count_hidden":0,"_bbp_forum_subforum_count":0,"footnotes":""},"categories":[113,110,1,29],"tags":[],"class_list":["post-2821","post","type-post","status-publish","format-standard","has-post-thumbnail","hentry","category-e-infantil","category-escola-abat-ruera","category-general","category-portada"],"post_mailing_queue_ids":[],"_links":{"self":[{"href":"https:\/\/agora.xtec.cat\/zer-pedrera\/wp-json\/wp\/v2\/posts\/2821","targetHints":{"allow":["GET"]}}],"collection":[{"href":"https:\/\/agora.xtec.cat\/zer-pedrera\/wp-json\/wp\/v2\/posts"}],"about":[{"href":"https:\/\/agora.xtec.cat\/zer-pedrera\/wp-json\/wp\/v2\/types\/post"}],"author":[{"embeddable":true,"href":"https:\/\/agora.xtec.cat\/zer-pedrera\/wp-json\/wp\/v2\/users\/1"}],"replies":[{"embeddable":true,"href":"https:\/\/agora.xtec.cat\/zer-pedrera\/wp-json\/wp\/v2\/comments?post=2821"}],"version-history":[{"count":4,"href":"https:\/\/agora.xtec.cat\/zer-pedrera\/wp-json\/wp\/v2\/posts\/2821\/revisions"}],"predecessor-version":[{"id":2835,"href":"https:\/\/agora.xtec.cat\/zer-pedrera\/wp-json\/wp\/v2\/posts\/2821\/revisions\/2835"}],"wp:featuredmedia":[{"embeddable":true,"href":"https:\/\/agora.xtec.cat\/zer-pedrera\/wp-json\/wp\/v2\/media\/2822"}],"wp:attachment":[{"href":"https:\/\/agora.xtec.cat\/zer-pedrera\/wp-json\/wp\/v2\/media?parent=2821"}],"wp:term":[{"taxonomy":"category","embeddable":true,"href":"https:\/\/agora.xtec.cat\/zer-pedrera\/wp-json\/wp\/v2\/categories?post=2821"},{"taxonomy":"post_tag","embeddable":true,"href":"https:\/\/agora.xtec.cat\/zer-pedrera\/wp-json\/wp\/v2\/tags?post=2821"}],"curies":[{"name":"wp","href":"https:\/\/api.w.org\/{rel}","templated":true}]}}