{"id":2812,"date":"2020-10-16T10:58:14","date_gmt":"2020-10-16T08:58:14","guid":{"rendered":"http:\/\/agora.xtec.cat\/zer-pedrera\/?p=2812"},"modified":"2020-10-16T10:58:14","modified_gmt":"2020-10-16T08:58:14","slug":"som-periodistes-tn-ruera-lactualitat-de-puiggros","status":"publish","type":"post","link":"https:\/\/agora.xtec.cat\/zer-pedrera\/general\/som-periodistes-tn-ruera-lactualitat-de-puiggros\/","title":{"rendered":"Som periodistes!!! TN RUERA, l&#8217;actualitat de Puiggr\u00f2s."},"content":{"rendered":"<p>Les nenes i els nens de CM i CS de l&#8217;escola Abat Ruera som periodistes.<\/p>\n<p>A la sisena hora de llengua, per tal de treballar expressi\u00f3 escrita i comunicaci\u00f3 oral, hem posat en marxa un telenot\u00edcies, el <strong>TN Ruera<\/strong>.<\/p>\n<p>Nosaltres mateixes\/-xos, redactem la not\u00edcia, ens la preparem i la comuniquem davant les c\u00e0meres per tal que els espectadors estiguin assabentats de l&#8217;actualitat de l&#8217;escola i del poble.<\/p>\n<p>De moment, no editem el v\u00eddeo per\u00f2 ben aviat ho farem.<\/p>\n<p>Perqu\u00e8&#8230; SOM PERIODISTES!!!<\/p>\n<p><iframe loading=\"lazy\" title=\"TN RUERA edici\u00f3 I\" width=\"500\" height=\"375\" src=\"https:\/\/www.youtube.com\/embed\/UnqF7sM2oWg?feature=oembed\" frameborder=\"0\" allow=\"accelerometer; autoplay; clipboard-write; encrypted-media; gyroscope; picture-in-picture; web-share\" referrerpolicy=\"strict-origin-when-cross-origin\" allowfullscreen><\/iframe><\/p>\n","protected":false},"excerpt":{"rendered":"<p>Les nenes i els nens de CM i CS de l&#8217;escola Abat Ruera som periodistes.<br \/>\nA la sisena hora de llengua, per tal de treballar expressi\u00f3 escrita i comunicaci\u00f3 oral, hem posat en marxa un telenot\u00edcies, el TN Ruera.<br \/>\nNosaltres mateixes\/-xos, redactem la not\u00edcia, ens la preparem&hellip;  <a href=\"https:\/\/agora.xtec.cat\/zer-pedrera\/general\/som-periodistes-tn-ruera-lactualitat-de-puiggros\/\" title=\"Read Som periodistes!!! TN RUERA, l&#8217;actualitat de Puiggr\u00f2s.\">Llegeix m\u00e9s\u00bb<\/a><\/p>\n","protected":false},"author":1,"featured_media":2813,"comment_status":"open","ping_status":"closed","sticky":false,"template":"","format":"standard","meta":{"_bbp_topic_count":0,"_bbp_reply_count":0,"_bbp_total_topic_count":0,"_bbp_total_reply_count":0,"_bbp_voice_count":0,"_bbp_anonymous_reply_count":0,"_bbp_topic_count_hidden":0,"_bbp_reply_count_hidden":0,"_bbp_forum_subforum_count":0,"footnotes":""},"categories":[110,1,29,89],"tags":[],"class_list":["post-2812","post","type-post","status-publish","format-standard","has-post-thumbnail","hentry","category-escola-abat-ruera","category-general","category-portada","category-primaria"],"post_mailing_queue_ids":[],"_links":{"self":[{"href":"https:\/\/agora.xtec.cat\/zer-pedrera\/wp-json\/wp\/v2\/posts\/2812","targetHints":{"allow":["GET"]}}],"collection":[{"href":"https:\/\/agora.xtec.cat\/zer-pedrera\/wp-json\/wp\/v2\/posts"}],"about":[{"href":"https:\/\/agora.xtec.cat\/zer-pedrera\/wp-json\/wp\/v2\/types\/post"}],"author":[{"embeddable":true,"href":"https:\/\/agora.xtec.cat\/zer-pedrera\/wp-json\/wp\/v2\/users\/1"}],"replies":[{"embeddable":true,"href":"https:\/\/agora.xtec.cat\/zer-pedrera\/wp-json\/wp\/v2\/comments?post=2812"}],"version-history":[{"count":1,"href":"https:\/\/agora.xtec.cat\/zer-pedrera\/wp-json\/wp\/v2\/posts\/2812\/revisions"}],"predecessor-version":[{"id":2814,"href":"https:\/\/agora.xtec.cat\/zer-pedrera\/wp-json\/wp\/v2\/posts\/2812\/revisions\/2814"}],"wp:featuredmedia":[{"embeddable":true,"href":"https:\/\/agora.xtec.cat\/zer-pedrera\/wp-json\/wp\/v2\/media\/2813"}],"wp:attachment":[{"href":"https:\/\/agora.xtec.cat\/zer-pedrera\/wp-json\/wp\/v2\/media?parent=2812"}],"wp:term":[{"taxonomy":"category","embeddable":true,"href":"https:\/\/agora.xtec.cat\/zer-pedrera\/wp-json\/wp\/v2\/categories?post=2812"},{"taxonomy":"post_tag","embeddable":true,"href":"https:\/\/agora.xtec.cat\/zer-pedrera\/wp-json\/wp\/v2\/tags?post=2812"}],"curies":[{"name":"wp","href":"https:\/\/api.w.org\/{rel}","templated":true}]}}