{"id":2809,"date":"2020-10-15T20:06:52","date_gmt":"2020-10-15T18:06:52","guid":{"rendered":"http:\/\/agora.xtec.cat\/zer-pedrera\/?p=2809"},"modified":"2021-12-16T19:22:44","modified_gmt":"2021-12-16T18:22:44","slug":"ci-de-lescola-abat-ruera-mesurem","status":"publish","type":"post","link":"https:\/\/agora.xtec.cat\/zer-pedrera\/general\/ci-de-lescola-abat-ruera-mesurem\/","title":{"rendered":"CI de l&#8217;escola Abat Ruera. Mesurem"},"content":{"rendered":"<p>Dins de l&#8217;\u00e0rea de Matem\u00e0tiques estem treballant les unitats de mesura. Vam comen\u00e7ar primer amb els pams, despr\u00e9s amb els passos i ara estem amb els cent\u00edmetres i metres. Mesurem objectes de l&#8217;entorn.<\/p>\n<p><img loading=\"lazy\" decoding=\"async\" class=\"aligncenter size-full wp-image-2810\" src=\"https:\/\/agora.xtec.cat\/zer-pedrera\/wp-content\/uploads\/usu1473\/2020\/10\/IMG-20201006-WA0014-mini.jpeg\" alt=\"\" width=\"666\" height=\"375\" srcset=\"https:\/\/agora.xtec.cat\/zer-pedrera\/wp-content\/uploads\/usu1473\/2020\/10\/IMG-20201006-WA0014-mini.jpeg 666w, https:\/\/agora.xtec.cat\/zer-pedrera\/wp-content\/uploads\/usu1473\/2020\/10\/IMG-20201006-WA0014-mini-300x169.jpeg 300w\" sizes=\"auto, (max-width: 666px) 100vw, 666px\" \/><\/p>\n<p>&nbsp;<\/p>\n","protected":false},"excerpt":{"rendered":"<p>Dins de l&#8217;\u00e0rea de Matem\u00e0tiques estem treballant les unitats de mesura. Vam comen\u00e7ar primer amb els pams, despr\u00e9s amb els passos i ara estem amb els cent\u00edmetres i metres. Mesurem objectes de l&#8217;entorn.<\/p>\n<p>&nbsp;<\/p>\n","protected":false},"author":1,"featured_media":2810,"comment_status":"open","ping_status":"closed","sticky":false,"template":"","format":"standard","meta":{"_bbp_topic_count":0,"_bbp_reply_count":0,"_bbp_total_topic_count":0,"_bbp_total_reply_count":0,"_bbp_voice_count":0,"_bbp_anonymous_reply_count":0,"_bbp_topic_count_hidden":0,"_bbp_reply_count_hidden":0,"_bbp_forum_subforum_count":0,"footnotes":""},"categories":[110,1,29,89],"tags":[],"class_list":["post-2809","post","type-post","status-publish","format-standard","has-post-thumbnail","hentry","category-escola-abat-ruera","category-general","category-portada","category-primaria"],"post_mailing_queue_ids":[],"_links":{"self":[{"href":"https:\/\/agora.xtec.cat\/zer-pedrera\/wp-json\/wp\/v2\/posts\/2809","targetHints":{"allow":["GET"]}}],"collection":[{"href":"https:\/\/agora.xtec.cat\/zer-pedrera\/wp-json\/wp\/v2\/posts"}],"about":[{"href":"https:\/\/agora.xtec.cat\/zer-pedrera\/wp-json\/wp\/v2\/types\/post"}],"author":[{"embeddable":true,"href":"https:\/\/agora.xtec.cat\/zer-pedrera\/wp-json\/wp\/v2\/users\/1"}],"replies":[{"embeddable":true,"href":"https:\/\/agora.xtec.cat\/zer-pedrera\/wp-json\/wp\/v2\/comments?post=2809"}],"version-history":[{"count":2,"href":"https:\/\/agora.xtec.cat\/zer-pedrera\/wp-json\/wp\/v2\/posts\/2809\/revisions"}],"predecessor-version":[{"id":5078,"href":"https:\/\/agora.xtec.cat\/zer-pedrera\/wp-json\/wp\/v2\/posts\/2809\/revisions\/5078"}],"wp:featuredmedia":[{"embeddable":true,"href":"https:\/\/agora.xtec.cat\/zer-pedrera\/wp-json\/wp\/v2\/media\/2810"}],"wp:attachment":[{"href":"https:\/\/agora.xtec.cat\/zer-pedrera\/wp-json\/wp\/v2\/media?parent=2809"}],"wp:term":[{"taxonomy":"category","embeddable":true,"href":"https:\/\/agora.xtec.cat\/zer-pedrera\/wp-json\/wp\/v2\/categories?post=2809"},{"taxonomy":"post_tag","embeddable":true,"href":"https:\/\/agora.xtec.cat\/zer-pedrera\/wp-json\/wp\/v2\/tags?post=2809"}],"curies":[{"name":"wp","href":"https:\/\/api.w.org\/{rel}","templated":true}]}}