{"id":2773,"date":"2020-10-02T16:26:59","date_gmt":"2020-10-02T14:26:59","guid":{"rendered":"http:\/\/agora.xtec.cat\/zer-pedrera\/?p=2773"},"modified":"2020-10-02T16:27:08","modified_gmt":"2020-10-02T14:27:08","slug":"cicle-mitja-i-superior-de-lescola-abat-ruera-youtubers-didactics","status":"publish","type":"post","link":"https:\/\/agora.xtec.cat\/zer-pedrera\/general\/cicle-mitja-i-superior-de-lescola-abat-ruera-youtubers-didactics\/","title":{"rendered":"Cicle Mitj\u00e0 i Superior de l&#8217;escola Abat Ruera, Youtubers did\u00e0ctics"},"content":{"rendered":"<p>Les i els alumnes de Cicle Mitj\u00e0 i Cicle Superior de l&#8217;escola Abat Ruera estem immersos en un projecte sobre &#8220;MAT\u00c8RIA I ENERGIA&#8221;.<\/p>\n<p>La primera parada del nostre viatge ha estat L&#8217;AIGUA. Hem experimentat amb els diferents estats de l&#8217;aigua, sabem quin recorregut fa l&#8217;aigua al llarg de tot el seu cicle i fins i tot ens hem aventurat a con\u00e8ixer l&#8217;energia hidr\u00e0ulica!<\/p>\n<p>Aquesta nom\u00e9s \u00e9s la primera parada del nostre llarg viatge per\u00f2 ja hem fet experiments i, sobretot, ens hem fet youtubers did\u00e0ctics. Heus aqu\u00ed el v\u00eddeo did\u00e0ctic sobre el cicle de l&#8217;aigua que hem realitzat.<\/p>\n<p>Esperem que us agradi!!!<\/p>\n<p><iframe loading=\"lazy\" title=\"Cicle de l&#039;aigua Cicle Mitj\u00e0 i Superior escola Abat Ruera\" width=\"500\" height=\"375\" src=\"https:\/\/www.youtube.com\/embed\/R8FsZRct9Es?feature=oembed\" frameborder=\"0\" allow=\"accelerometer; autoplay; clipboard-write; encrypted-media; gyroscope; picture-in-picture; web-share\" referrerpolicy=\"strict-origin-when-cross-origin\" allowfullscreen><\/iframe><\/p>\n","protected":false},"excerpt":{"rendered":"<p>Les i els alumnes de Cicle Mitj\u00e0 i Cicle Superior de l&#8217;escola Abat Ruera estem immersos en un projecte sobre &#8220;MAT\u00c8RIA I ENERGIA&#8221;.<br \/>\nLa primera parada del nostre viatge ha estat L&#8217;AIGUA. Hem experimentat amb els diferents estats de l&#8217;aigua, sabem quin recorregut fa l&#8217;aigua al&hellip;  <a href=\"https:\/\/agora.xtec.cat\/zer-pedrera\/general\/cicle-mitja-i-superior-de-lescola-abat-ruera-youtubers-didactics\/\" title=\"Read Cicle Mitj\u00e0 i Superior de l&#8217;escola Abat Ruera, Youtubers did\u00e0ctics\">Llegeix m\u00e9s\u00bb<\/a><\/p>\n","protected":false},"author":1,"featured_media":2774,"comment_status":"open","ping_status":"closed","sticky":false,"template":"","format":"standard","meta":{"_bbp_topic_count":0,"_bbp_reply_count":0,"_bbp_total_topic_count":0,"_bbp_total_reply_count":0,"_bbp_voice_count":0,"_bbp_anonymous_reply_count":0,"_bbp_topic_count_hidden":0,"_bbp_reply_count_hidden":0,"_bbp_forum_subforum_count":0,"footnotes":""},"categories":[110,1,116,29],"tags":[],"class_list":["post-2773","post","type-post","status-publish","format-standard","has-post-thumbnail","hentry","category-escola-abat-ruera","category-general","category-medi","category-portada"],"post_mailing_queue_ids":[],"_links":{"self":[{"href":"https:\/\/agora.xtec.cat\/zer-pedrera\/wp-json\/wp\/v2\/posts\/2773","targetHints":{"allow":["GET"]}}],"collection":[{"href":"https:\/\/agora.xtec.cat\/zer-pedrera\/wp-json\/wp\/v2\/posts"}],"about":[{"href":"https:\/\/agora.xtec.cat\/zer-pedrera\/wp-json\/wp\/v2\/types\/post"}],"author":[{"embeddable":true,"href":"https:\/\/agora.xtec.cat\/zer-pedrera\/wp-json\/wp\/v2\/users\/1"}],"replies":[{"embeddable":true,"href":"https:\/\/agora.xtec.cat\/zer-pedrera\/wp-json\/wp\/v2\/comments?post=2773"}],"version-history":[{"count":1,"href":"https:\/\/agora.xtec.cat\/zer-pedrera\/wp-json\/wp\/v2\/posts\/2773\/revisions"}],"predecessor-version":[{"id":2775,"href":"https:\/\/agora.xtec.cat\/zer-pedrera\/wp-json\/wp\/v2\/posts\/2773\/revisions\/2775"}],"wp:featuredmedia":[{"embeddable":true,"href":"https:\/\/agora.xtec.cat\/zer-pedrera\/wp-json\/wp\/v2\/media\/2774"}],"wp:attachment":[{"href":"https:\/\/agora.xtec.cat\/zer-pedrera\/wp-json\/wp\/v2\/media?parent=2773"}],"wp:term":[{"taxonomy":"category","embeddable":true,"href":"https:\/\/agora.xtec.cat\/zer-pedrera\/wp-json\/wp\/v2\/categories?post=2773"},{"taxonomy":"post_tag","embeddable":true,"href":"https:\/\/agora.xtec.cat\/zer-pedrera\/wp-json\/wp\/v2\/tags?post=2773"}],"curies":[{"name":"wp","href":"https:\/\/api.w.org\/{rel}","templated":true}]}}