{"id":2757,"date":"2020-10-01T19:52:52","date_gmt":"2020-10-01T17:52:52","guid":{"rendered":"http:\/\/agora.xtec.cat\/zer-pedrera\/?p=2757"},"modified":"2020-10-01T19:55:45","modified_gmt":"2020-10-01T17:55:45","slug":"aniversari-del-gerard-munoz-segarra","status":"publish","type":"post","link":"https:\/\/agora.xtec.cat\/zer-pedrera\/aniversaris\/aniversari-del-gerard-munoz-segarra\/","title":{"rendered":"Aniversari del Gerard Mu\u00f1oz Segarra"},"content":{"rendered":"<p>El diumenge, dia 27 de setembre, el Gerard va fer 8 anys i al comen\u00e7ar la setmana tots li vam desitjar un feli\u00e7 aniversari.<\/p>\n<p>PER MOLTS ANYS, GERARD!!!<\/p>\n<p><img loading=\"lazy\" decoding=\"async\" class=\"aligncenter wp-image-2760\" src=\"https:\/\/agora.xtec.cat\/zer-pedrera\/wp-content\/uploads\/usu1473\/2020\/10\/20200930_110729-mini.jpg\" alt=\"\" width=\"632\" height=\"474\" srcset=\"https:\/\/agora.xtec.cat\/zer-pedrera\/wp-content\/uploads\/usu1473\/2020\/10\/20200930_110729-mini.jpg 1632w, https:\/\/agora.xtec.cat\/zer-pedrera\/wp-content\/uploads\/usu1473\/2020\/10\/20200930_110729-mini-300x225.jpg 300w, https:\/\/agora.xtec.cat\/zer-pedrera\/wp-content\/uploads\/usu1473\/2020\/10\/20200930_110729-mini-768x576.jpg 768w, https:\/\/agora.xtec.cat\/zer-pedrera\/wp-content\/uploads\/usu1473\/2020\/10\/20200930_110729-mini-1024x768.jpg 1024w, https:\/\/agora.xtec.cat\/zer-pedrera\/wp-content\/uploads\/usu1473\/2020\/10\/20200930_110729-mini-200x150.jpg 200w\" sizes=\"auto, (max-width: 632px) 100vw, 632px\" \/><\/p>\n","protected":false},"excerpt":{"rendered":"<p>El diumenge, dia 27 de setembre, el Gerard va fer 8 anys i al comen\u00e7ar la setmana tots li vam desitjar un feli\u00e7 aniversari.<br \/>\nPER MOLTS ANYS, GERARD!!!<\/p>\n","protected":false},"author":1,"featured_media":2765,"comment_status":"open","ping_status":"closed","sticky":false,"template":"","format":"standard","meta":{"_bbp_topic_count":0,"_bbp_reply_count":0,"_bbp_total_topic_count":0,"_bbp_total_reply_count":0,"_bbp_voice_count":0,"_bbp_anonymous_reply_count":0,"_bbp_topic_count_hidden":0,"_bbp_reply_count_hidden":0,"_bbp_forum_subforum_count":0,"footnotes":""},"categories":[146],"tags":[147],"class_list":["post-2757","post","type-post","status-publish","format-standard","has-post-thumbnail","hentry","category-aniversaris","tag-aniversaris"],"post_mailing_queue_ids":[],"_links":{"self":[{"href":"https:\/\/agora.xtec.cat\/zer-pedrera\/wp-json\/wp\/v2\/posts\/2757","targetHints":{"allow":["GET"]}}],"collection":[{"href":"https:\/\/agora.xtec.cat\/zer-pedrera\/wp-json\/wp\/v2\/posts"}],"about":[{"href":"https:\/\/agora.xtec.cat\/zer-pedrera\/wp-json\/wp\/v2\/types\/post"}],"author":[{"embeddable":true,"href":"https:\/\/agora.xtec.cat\/zer-pedrera\/wp-json\/wp\/v2\/users\/1"}],"replies":[{"embeddable":true,"href":"https:\/\/agora.xtec.cat\/zer-pedrera\/wp-json\/wp\/v2\/comments?post=2757"}],"version-history":[{"count":3,"href":"https:\/\/agora.xtec.cat\/zer-pedrera\/wp-json\/wp\/v2\/posts\/2757\/revisions"}],"predecessor-version":[{"id":2768,"href":"https:\/\/agora.xtec.cat\/zer-pedrera\/wp-json\/wp\/v2\/posts\/2757\/revisions\/2768"}],"wp:featuredmedia":[{"embeddable":true,"href":"https:\/\/agora.xtec.cat\/zer-pedrera\/wp-json\/wp\/v2\/media\/2765"}],"wp:attachment":[{"href":"https:\/\/agora.xtec.cat\/zer-pedrera\/wp-json\/wp\/v2\/media?parent=2757"}],"wp:term":[{"taxonomy":"category","embeddable":true,"href":"https:\/\/agora.xtec.cat\/zer-pedrera\/wp-json\/wp\/v2\/categories?post=2757"},{"taxonomy":"post_tag","embeddable":true,"href":"https:\/\/agora.xtec.cat\/zer-pedrera\/wp-json\/wp\/v2\/tags?post=2757"}],"curies":[{"name":"wp","href":"https:\/\/api.w.org\/{rel}","templated":true}]}}