{"id":2753,"date":"2020-09-30T20:34:54","date_gmt":"2020-09-30T18:34:54","guid":{"rendered":"http:\/\/agora.xtec.cat\/zer-pedrera\/?p=2753"},"modified":"2020-09-30T20:34:54","modified_gmt":"2020-09-30T18:34:54","slug":"el-nostre-cos-a-cicle-inicial","status":"publish","type":"post","link":"https:\/\/agora.xtec.cat\/zer-pedrera\/general\/el-nostre-cos-a-cicle-inicial\/","title":{"rendered":"El nostre cos a Cicle Inicial"},"content":{"rendered":"<p style=\"text-align: left;\">A Educaci\u00f3 F\u00edsica hem comen\u00e7at el curs treballant el cos i a la classe de Cicle Inicial ens hem dibuixat amb guix al terra de la pista. Per parelles, hem marcat la silueta del company\/a i, despr\u00e9s, cada alumne ha pintat les diferents parts del seu cos de colors. D\u2019aquesta manera, ens ha quedat un dibuix ben bonic i hem repassat les principals parts del cos i algunes articulacions.<\/p>\n<p>Podeu veure el resultat fotogr\u00e0fic clicant <a href=\"https:\/\/drive.google.com\/drive\/folders\/101pLQYscTtv7WzugLkUfyt5v7EB_Q-MR?usp=sharing\">AQU\u00cd<\/a><\/p>\n<p>&nbsp;<\/p>\n","protected":false},"excerpt":{"rendered":"<p>A Educaci\u00f3 F\u00edsica hem comen\u00e7at el curs treballant el cos i a la classe de Cicle Inicial ens hem dibuixat amb guix al terra de la pista. Per parelles, hem marcat la silueta del company\/a i, despr\u00e9s, cada alumne ha pintat les diferents parts del&hellip;  <a href=\"https:\/\/agora.xtec.cat\/zer-pedrera\/general\/el-nostre-cos-a-cicle-inicial\/\" title=\"Read El nostre cos a Cicle Inicial\">Llegeix m\u00e9s\u00bb<\/a><\/p>\n","protected":false},"author":1,"featured_media":2756,"comment_status":"open","ping_status":"closed","sticky":false,"template":"","format":"standard","meta":{"_bbp_topic_count":0,"_bbp_reply_count":0,"_bbp_total_topic_count":0,"_bbp_total_reply_count":0,"_bbp_voice_count":0,"_bbp_anonymous_reply_count":0,"_bbp_topic_count_hidden":0,"_bbp_reply_count_hidden":0,"_bbp_forum_subforum_count":0,"footnotes":""},"categories":[110,1,29,89],"tags":[],"class_list":["post-2753","post","type-post","status-publish","format-standard","has-post-thumbnail","hentry","category-escola-abat-ruera","category-general","category-portada","category-primaria"],"post_mailing_queue_ids":[],"_links":{"self":[{"href":"https:\/\/agora.xtec.cat\/zer-pedrera\/wp-json\/wp\/v2\/posts\/2753","targetHints":{"allow":["GET"]}}],"collection":[{"href":"https:\/\/agora.xtec.cat\/zer-pedrera\/wp-json\/wp\/v2\/posts"}],"about":[{"href":"https:\/\/agora.xtec.cat\/zer-pedrera\/wp-json\/wp\/v2\/types\/post"}],"author":[{"embeddable":true,"href":"https:\/\/agora.xtec.cat\/zer-pedrera\/wp-json\/wp\/v2\/users\/1"}],"replies":[{"embeddable":true,"href":"https:\/\/agora.xtec.cat\/zer-pedrera\/wp-json\/wp\/v2\/comments?post=2753"}],"version-history":[{"count":2,"href":"https:\/\/agora.xtec.cat\/zer-pedrera\/wp-json\/wp\/v2\/posts\/2753\/revisions"}],"predecessor-version":[{"id":2755,"href":"https:\/\/agora.xtec.cat\/zer-pedrera\/wp-json\/wp\/v2\/posts\/2753\/revisions\/2755"}],"wp:featuredmedia":[{"embeddable":true,"href":"https:\/\/agora.xtec.cat\/zer-pedrera\/wp-json\/wp\/v2\/media\/2756"}],"wp:attachment":[{"href":"https:\/\/agora.xtec.cat\/zer-pedrera\/wp-json\/wp\/v2\/media?parent=2753"}],"wp:term":[{"taxonomy":"category","embeddable":true,"href":"https:\/\/agora.xtec.cat\/zer-pedrera\/wp-json\/wp\/v2\/categories?post=2753"},{"taxonomy":"post_tag","embeddable":true,"href":"https:\/\/agora.xtec.cat\/zer-pedrera\/wp-json\/wp\/v2\/tags?post=2753"}],"curies":[{"name":"wp","href":"https:\/\/api.w.org\/{rel}","templated":true}]}}