{"id":2696,"date":"2020-09-24T13:30:12","date_gmt":"2020-09-24T11:30:12","guid":{"rendered":"http:\/\/agora.xtec.cat\/zer-pedrera\/?p=2696"},"modified":"2020-09-24T14:34:09","modified_gmt":"2020-09-24T12:34:09","slug":"benvinguts-alumnes-nous","status":"publish","type":"post","link":"https:\/\/agora.xtec.cat\/zer-pedrera\/general\/benvinguts-alumnes-nous\/","title":{"rendered":"Benvinguts alumnes nous!"},"content":{"rendered":"<p><img loading=\"lazy\" decoding=\"async\" class=\"aligncenter wp-image-2727\" src=\"https:\/\/agora.xtec.cat\/zer-pedrera\/wp-content\/uploads\/usu1473\/2020\/09\/aula2-CMS-e1600946514165.jpg\" alt=\"\" width=\"300\" height=\"225\" srcset=\"https:\/\/agora.xtec.cat\/zer-pedrera\/wp-content\/uploads\/usu1473\/2020\/09\/aula2-CMS-e1600946514165.jpg 448w, https:\/\/agora.xtec.cat\/zer-pedrera\/wp-content\/uploads\/usu1473\/2020\/09\/aula2-CMS-e1600946514165-300x225.jpg 300w, https:\/\/agora.xtec.cat\/zer-pedrera\/wp-content\/uploads\/usu1473\/2020\/09\/aula2-CMS-e1600946514165-200x150.jpg 200w\" sizes=\"auto, (max-width: 300px) 100vw, 300px\" \/><\/p>\n<p>Fa sis\u00a0mesos\u00a0 i una mica m\u00e9s que no hem anat a l&#8217;escola, i de moment tot ha\u00a0canviat molt : portem mascareta i ens hem de desinfectar\u00a0 cada vegada que ens movem&#8230; Tamb\u00e9 hem de mantenir la dist\u00e0ncia de seguretat. Han vingut nens nous i tamb\u00e9 professors nous. Els alumnes nous cursen P3, P4, P5, primer, segon <span style=\"font-family: inherit; font-size: 1em;\">i sis\u00e9. N&#8217;hi ha que han arribat al poble de molt lluny,&#8230;.. s\u00f3n holandesos i fins i tot nordamericans.<\/span><\/p>\n<p>&nbsp;<\/p>\n<p>Aquest curs tamb\u00e9 ens hem trobat amb materials i ordinadors nous.<\/p>\n<p>Tot plegat un any escolar amb molts canvis!!!!!!!!!!!!!<\/p>\n<p>Malgrat tot, nosaltres tenim uns nous desitjos com: fer front al virus, que tots plegats ens sentim a gust i tot vagi b\u00e9.<\/p>\n<p style=\"text-align: right;\">Els alumnes i les alumnes de l&#8217;escola.<\/p>\n<p><img loading=\"lazy\" decoding=\"async\" class=\"aligncenter wp-image-2729\" src=\"https:\/\/agora.xtec.cat\/zer-pedrera\/wp-content\/uploads\/usu1473\/2020\/09\/aula-EI-CI-1-e1600946955932.jpg\" alt=\"\" width=\"386\" height=\"290\" srcset=\"https:\/\/agora.xtec.cat\/zer-pedrera\/wp-content\/uploads\/usu1473\/2020\/09\/aula-EI-CI-1-e1600946955932.jpg 448w, https:\/\/agora.xtec.cat\/zer-pedrera\/wp-content\/uploads\/usu1473\/2020\/09\/aula-EI-CI-1-e1600946955932-300x225.jpg 300w, https:\/\/agora.xtec.cat\/zer-pedrera\/wp-content\/uploads\/usu1473\/2020\/09\/aula-EI-CI-1-e1600946955932-200x150.jpg 200w\" sizes=\"auto, (max-width: 386px) 100vw, 386px\" \/><\/p>\n","protected":false},"excerpt":{"rendered":"<p>Fa sis\u00a0mesos\u00a0 i una mica m\u00e9s que no hem anat a l&#8217;escola, i de moment tot ha\u00a0canviat molt : portem mascareta i ens hem de desinfectar\u00a0 cada vegada que ens movem&#8230; Tamb\u00e9 hem de mantenir la dist\u00e0ncia de seguretat. Han vingut nens nous i tamb\u00e9&hellip;  <a href=\"https:\/\/agora.xtec.cat\/zer-pedrera\/general\/benvinguts-alumnes-nous\/\" title=\"Read Benvinguts alumnes nous!\">Llegeix m\u00e9s\u00bb<\/a><\/p>\n","protected":false},"author":1,"featured_media":2727,"comment_status":"open","ping_status":"closed","sticky":false,"template":"","format":"standard","meta":{"_bbp_topic_count":0,"_bbp_reply_count":0,"_bbp_total_topic_count":0,"_bbp_total_reply_count":0,"_bbp_voice_count":0,"_bbp_anonymous_reply_count":0,"_bbp_topic_count_hidden":0,"_bbp_reply_count_hidden":0,"_bbp_forum_subforum_count":0,"footnotes":""},"categories":[1,29],"tags":[],"class_list":["post-2696","post","type-post","status-publish","format-standard","has-post-thumbnail","hentry","category-general","category-portada"],"post_mailing_queue_ids":[],"_links":{"self":[{"href":"https:\/\/agora.xtec.cat\/zer-pedrera\/wp-json\/wp\/v2\/posts\/2696","targetHints":{"allow":["GET"]}}],"collection":[{"href":"https:\/\/agora.xtec.cat\/zer-pedrera\/wp-json\/wp\/v2\/posts"}],"about":[{"href":"https:\/\/agora.xtec.cat\/zer-pedrera\/wp-json\/wp\/v2\/types\/post"}],"author":[{"embeddable":true,"href":"https:\/\/agora.xtec.cat\/zer-pedrera\/wp-json\/wp\/v2\/users\/1"}],"replies":[{"embeddable":true,"href":"https:\/\/agora.xtec.cat\/zer-pedrera\/wp-json\/wp\/v2\/comments?post=2696"}],"version-history":[{"count":3,"href":"https:\/\/agora.xtec.cat\/zer-pedrera\/wp-json\/wp\/v2\/posts\/2696\/revisions"}],"predecessor-version":[{"id":2732,"href":"https:\/\/agora.xtec.cat\/zer-pedrera\/wp-json\/wp\/v2\/posts\/2696\/revisions\/2732"}],"wp:featuredmedia":[{"embeddable":true,"href":"https:\/\/agora.xtec.cat\/zer-pedrera\/wp-json\/wp\/v2\/media\/2727"}],"wp:attachment":[{"href":"https:\/\/agora.xtec.cat\/zer-pedrera\/wp-json\/wp\/v2\/media?parent=2696"}],"wp:term":[{"taxonomy":"category","embeddable":true,"href":"https:\/\/agora.xtec.cat\/zer-pedrera\/wp-json\/wp\/v2\/categories?post=2696"},{"taxonomy":"post_tag","embeddable":true,"href":"https:\/\/agora.xtec.cat\/zer-pedrera\/wp-json\/wp\/v2\/tags?post=2696"}],"curies":[{"name":"wp","href":"https:\/\/api.w.org\/{rel}","templated":true}]}}