{"id":2646,"date":"2020-06-22T13:22:11","date_gmt":"2020-06-22T11:22:11","guid":{"rendered":"http:\/\/agora.xtec.cat\/zer-pedrera\/?p=2646"},"modified":"2020-06-23T00:54:54","modified_gmt":"2020-06-22T22:54:54","slug":"alumnes-de-6e-que-ja-marxen-de-la-zer","status":"publish","type":"post","link":"https:\/\/agora.xtec.cat\/zer-pedrera\/general\/alumnes-de-6e-que-ja-marxen-de-la-zer\/","title":{"rendered":"Alumnes de la ZER que s&#8217;han fet grans&#8230;"},"content":{"rendered":"<p>Benvolguda i benvolguts alumnes de 6\u00e8,<\/p>\n<p>Ja ha arribat el moment de marxar de la nostra ZER. Esperem que hagueu apr\u00e8s moltes coses que us serveixin per encarar un futur amb garanties d&#8217;\u00e8xit. Us hem de dir que us trobarem molt a faltar! Aix\u00f2 s\u00ed, penseu que les portes de les nostres escoles sempre estaran obertes per a vosaltres!<\/p>\n<p>Fins aviat i molta sort a l&#8217;institut!!!<\/p>\n<p><img loading=\"lazy\" decoding=\"async\" class=\"aligncenter size-large wp-image-2647\" src=\"https:\/\/agora.xtec.cat\/zer-pedrera\/wp-content\/uploads\/usu1473\/2020\/06\/Orla-1024x791.jpg\" alt=\"\" width=\"1024\" height=\"791\" srcset=\"https:\/\/agora.xtec.cat\/zer-pedrera\/wp-content\/uploads\/usu1473\/2020\/06\/Orla-1024x791.jpg 1024w, https:\/\/agora.xtec.cat\/zer-pedrera\/wp-content\/uploads\/usu1473\/2020\/06\/Orla-300x232.jpg 300w, https:\/\/agora.xtec.cat\/zer-pedrera\/wp-content\/uploads\/usu1473\/2020\/06\/Orla-768x593.jpg 768w, https:\/\/agora.xtec.cat\/zer-pedrera\/wp-content\/uploads\/usu1473\/2020\/06\/Orla.jpg 1056w\" sizes=\"auto, (max-width: 1024px) 100vw, 1024px\" \/><\/p>\n","protected":false},"excerpt":{"rendered":"<p>Benvolguda i benvolguts alumnes de 6\u00e8,<br \/>\nJa ha arribat el moment de marxar de la nostra ZER. Esperem que hagueu apr\u00e8s moltes coses que us serveixin per encarar un futur amb garanties d&#8217;\u00e8xit. Us hem de dir que us trobarem molt a faltar! Aix\u00f2 s\u00ed, penseu&hellip;  <a href=\"https:\/\/agora.xtec.cat\/zer-pedrera\/general\/alumnes-de-6e-que-ja-marxen-de-la-zer\/\" title=\"Read Alumnes de la ZER que s&#8217;han fet grans&#8230;\">Llegeix m\u00e9s\u00bb<\/a><\/p>\n","protected":false},"author":1,"featured_media":2647,"comment_status":"open","ping_status":"closed","sticky":false,"template":"","format":"standard","meta":{"_bbp_topic_count":0,"_bbp_reply_count":0,"_bbp_total_topic_count":0,"_bbp_total_reply_count":0,"_bbp_voice_count":0,"_bbp_anonymous_reply_count":0,"_bbp_topic_count_hidden":0,"_bbp_reply_count_hidden":0,"_bbp_forum_subforum_count":0,"footnotes":""},"categories":[113,110,111,1,29,89],"tags":[],"class_list":["post-2646","post","type-post","status-publish","format-standard","has-post-thumbnail","hentry","category-e-infantil","category-escola-abat-ruera","category-escola-porcel-de-cervera","category-general","category-portada","category-primaria"],"post_mailing_queue_ids":[],"_links":{"self":[{"href":"https:\/\/agora.xtec.cat\/zer-pedrera\/wp-json\/wp\/v2\/posts\/2646","targetHints":{"allow":["GET"]}}],"collection":[{"href":"https:\/\/agora.xtec.cat\/zer-pedrera\/wp-json\/wp\/v2\/posts"}],"about":[{"href":"https:\/\/agora.xtec.cat\/zer-pedrera\/wp-json\/wp\/v2\/types\/post"}],"author":[{"embeddable":true,"href":"https:\/\/agora.xtec.cat\/zer-pedrera\/wp-json\/wp\/v2\/users\/1"}],"replies":[{"embeddable":true,"href":"https:\/\/agora.xtec.cat\/zer-pedrera\/wp-json\/wp\/v2\/comments?post=2646"}],"version-history":[{"count":3,"href":"https:\/\/agora.xtec.cat\/zer-pedrera\/wp-json\/wp\/v2\/posts\/2646\/revisions"}],"predecessor-version":[{"id":2651,"href":"https:\/\/agora.xtec.cat\/zer-pedrera\/wp-json\/wp\/v2\/posts\/2646\/revisions\/2651"}],"wp:featuredmedia":[{"embeddable":true,"href":"https:\/\/agora.xtec.cat\/zer-pedrera\/wp-json\/wp\/v2\/media\/2647"}],"wp:attachment":[{"href":"https:\/\/agora.xtec.cat\/zer-pedrera\/wp-json\/wp\/v2\/media?parent=2646"}],"wp:term":[{"taxonomy":"category","embeddable":true,"href":"https:\/\/agora.xtec.cat\/zer-pedrera\/wp-json\/wp\/v2\/categories?post=2646"},{"taxonomy":"post_tag","embeddable":true,"href":"https:\/\/agora.xtec.cat\/zer-pedrera\/wp-json\/wp\/v2\/tags?post=2646"}],"curies":[{"name":"wp","href":"https:\/\/api.w.org\/{rel}","templated":true}]}}