{"id":2640,"date":"2020-06-12T18:40:21","date_gmt":"2020-06-12T16:40:21","guid":{"rendered":"http:\/\/agora.xtec.cat\/zer-pedrera\/?p=2640"},"modified":"2020-06-12T18:40:21","modified_gmt":"2020-06-12T16:40:21","slug":"setena-proposta-deducacio-fisica-per-a-educacio-infantil","status":"publish","type":"post","link":"https:\/\/agora.xtec.cat\/zer-pedrera\/portada\/setena-proposta-deducacio-fisica-per-a-educacio-infantil\/","title":{"rendered":"Setena proposta d&#8217;educaci\u00f3 f\u00edsica per a educaci\u00f3 infantil."},"content":{"rendered":"<p>Bona tarda petits i petites,<\/p>\n<p>Aquesta setmana la proposta es que pogueu gaudir dels diferents jocs que a continuaci\u00f3 us proposo. Podeu convidar els vostres pares, mares i familiars per a que juguin amb vosaltres i passeu una bona estona.<\/p>\n<div class=\"text_layer\">\n<div class=\"ie_fix\">\n<div class=\"ff9\"><span class=\"a\">\u00a0<\/span><\/div>\n<div class=\"ff9\"><strong><span class=\"a\">Congelats<\/span><\/strong><\/div>\n<div><\/div>\n<div class=\"ff0\"><span class=\"a\">mentre soni la m\u00fasica ballarem. Quan pari ens quedarem <\/span><span class=\"a\">congelats com a <\/span><span class=\"a\">est\u00e0tues. Es pot fer variants quan es pari la m\u00fasica han de fer una cosa en concret o han<\/span><span class=\"a\">de ballar o despla\u00e7ar-se com un animal&#8230;<\/span><\/div>\n<div><\/div>\n<div class=\"ff0\"><\/div>\n<div class=\"ff9\"><strong><span class=\"a\">Bossa m\u00e0gica<\/span><\/strong><\/div>\n<div class=\"ff6\"><span class=\"a\">\u00a0<\/span><\/div>\n<div class=\"ff0\"><span class=\"a\">Es prepara u<span class=\"l6\">na bossa\u00a0que no es vegui el que hi ha a dins amb\u00a0molts <\/span><\/span><span class=\"a\">objectes( pilotes de diferents mides, cotxes de joguina, raspall de dents, retoladors, <\/span><span class=\"a\">joguines, got&#8230;) els alumnes hauran <span class=\"l6\">de ficar la m\u00e0 a dins i sense\u00a0mirar hauran d\u2019endevinar<\/span><\/span><\/div>\n<div class=\"ff0\"><span class=\"a\">qu\u00e8 \u00e9s.<\/span><\/div>\n<div class=\"ff9\"><span class=\"a\">\u00a0<\/span><\/div>\n<div class=\"ff0\"><\/div>\n<div class=\"ff9\"><strong><span class=\"a\">Terra, mar i aire:<\/span><\/strong><\/div>\n<div><\/div>\n<div class=\"ff4\"><span class=\"a\">Terra ( ens quedem al mateix lloc on som ) Mar ( saltem a l\u2019altra <\/span><span class=\"a\">banda <\/span><span class=\"a\">d\u2019on som ) Aire saltem a munt i piquem de mans.<\/span><\/div>\n<div class=\"ff0\"><span class=\"a\">\u00a0<\/span><\/div>\n<div class=\"ff0\"><\/div>\n<\/div>\n<\/div>\n<div class=\"image_layer\">\n<div class=\"ie_fix\">\n<div class=\"text_layer\">\n<div class=\"ie_fix\">\n<div class=\"ff9\"><strong><span class=\"a\">Fet i amagar:<\/span><\/strong><\/div>\n<div><\/div>\n<div class=\"ff4\"><span class=\"a\">Un la para i els altres s\u2019amaguen amb l\u2019ob<\/span><span class=\"a\">jectiu de no ser descobe<span class=\"l6\">rts.<\/span><\/span><\/div>\n<div><\/div>\n<div class=\"ff9\"><strong><span class=\"a\">1, 2,3 pica paret:<\/span><\/strong><\/div>\n<div><\/div>\n<div class=\"ff0\"><span class=\"a\">Avancem lentament i quan el que para es gira despr\u00e9s de pica 1,2, <\/span><span class=\"a\">3 pica<\/span><span class=\"a\">paret, ens quedem congelats com a est\u00e0tues. Si ens descobreix movent-nos, hem de <\/span><span class=\"a\">tornar a comen\u00e7ar des de l\u2019inici.<\/span><\/div>\n<div class=\"ff0\"><span class=\"a\">\u00a0<\/span><\/div>\n<div class=\"ff9\"><strong><span class=\"a\">El joc de la pesta Alta<\/span><\/strong><\/div>\n<div><\/div>\n<div class=\"ff0\"><span class=\"a\">Es jugar a atrapar per\u00f2 si pugen a un lloc m\u00e9s alt del terra es casa,<\/span><span class=\"a\">per\u00f2 nom\u00e9s hi poden ser 5 segons<\/span><\/div>\n<div class=\"ff4\"><span class=\"a\">Dibuixem a l\u2019esquena i endevinem<\/span><\/div>\n<div class=\"ff0\"><span class=\"a\">\u00a0<\/span><\/div>\n<div class=\"ff9\"><strong><span class=\"a\">El sem\u00e0for:<\/span><\/strong><\/div>\n<div><\/div>\n<div class=\"ff0\"><span class=\"a\">Si el sem\u00e0for est\u00e0 en verd podem caminar, si est\u00e0 en vermell ens <\/span><span class=\"a\">quedem <\/span><span class=\"a\">quiets i si est\u00e0 en groc ens desplacem r\u00e0pidament.<\/span><span class=\"a\">I fins aqu\u00ed les nostres propostes per als m\u00e9s petits. Animeu-vos a posar-ne en pr\u00e0ctica alguna!<\/span><\/div>\n<\/div>\n<\/div>\n<div class=\"image_layer\">\n<div class=\"ie_fix\"><\/div>\n<\/div>\n<\/div>\n<\/div>\n","protected":false},"excerpt":{"rendered":"<p>Bona tarda petits i petites,<br \/>\nAquesta setmana la proposta es que pogueu gaudir dels diferents jocs que a continuaci\u00f3 us proposo. Podeu convidar els vostres pares, mares i familiars per a que juguin amb vosaltres i passeu una bona estona.<\/p>\n<p>\u00a0<br \/>\nCongelats<\/p>\n<p>mentre soni la m\u00fasica ballarem. Quan pari&hellip;  <a href=\"https:\/\/agora.xtec.cat\/zer-pedrera\/portada\/setena-proposta-deducacio-fisica-per-a-educacio-infantil\/\" title=\"Read Setena proposta d&#8217;educaci\u00f3 f\u00edsica per a educaci\u00f3 infantil.\">Llegeix m\u00e9s\u00bb<\/a><\/p>\n","protected":false},"author":1,"featured_media":2641,"comment_status":"open","ping_status":"closed","sticky":false,"template":"","format":"standard","meta":{"_bbp_topic_count":0,"_bbp_reply_count":0,"_bbp_total_topic_count":0,"_bbp_total_reply_count":0,"_bbp_voice_count":0,"_bbp_anonymous_reply_count":0,"_bbp_topic_count_hidden":0,"_bbp_reply_count_hidden":0,"_bbp_forum_subforum_count":0,"footnotes":""},"categories":[29],"tags":[],"class_list":["post-2640","post","type-post","status-publish","format-standard","has-post-thumbnail","hentry","category-portada"],"post_mailing_queue_ids":[],"_links":{"self":[{"href":"https:\/\/agora.xtec.cat\/zer-pedrera\/wp-json\/wp\/v2\/posts\/2640","targetHints":{"allow":["GET"]}}],"collection":[{"href":"https:\/\/agora.xtec.cat\/zer-pedrera\/wp-json\/wp\/v2\/posts"}],"about":[{"href":"https:\/\/agora.xtec.cat\/zer-pedrera\/wp-json\/wp\/v2\/types\/post"}],"author":[{"embeddable":true,"href":"https:\/\/agora.xtec.cat\/zer-pedrera\/wp-json\/wp\/v2\/users\/1"}],"replies":[{"embeddable":true,"href":"https:\/\/agora.xtec.cat\/zer-pedrera\/wp-json\/wp\/v2\/comments?post=2640"}],"version-history":[{"count":1,"href":"https:\/\/agora.xtec.cat\/zer-pedrera\/wp-json\/wp\/v2\/posts\/2640\/revisions"}],"predecessor-version":[{"id":2642,"href":"https:\/\/agora.xtec.cat\/zer-pedrera\/wp-json\/wp\/v2\/posts\/2640\/revisions\/2642"}],"wp:featuredmedia":[{"embeddable":true,"href":"https:\/\/agora.xtec.cat\/zer-pedrera\/wp-json\/wp\/v2\/media\/2641"}],"wp:attachment":[{"href":"https:\/\/agora.xtec.cat\/zer-pedrera\/wp-json\/wp\/v2\/media?parent=2640"}],"wp:term":[{"taxonomy":"category","embeddable":true,"href":"https:\/\/agora.xtec.cat\/zer-pedrera\/wp-json\/wp\/v2\/categories?post=2640"},{"taxonomy":"post_tag","embeddable":true,"href":"https:\/\/agora.xtec.cat\/zer-pedrera\/wp-json\/wp\/v2\/tags?post=2640"}],"curies":[{"name":"wp","href":"https:\/\/api.w.org\/{rel}","templated":true}]}}