{"id":2630,"date":"2020-06-04T15:38:49","date_gmt":"2020-06-04T13:38:49","guid":{"rendered":"http:\/\/agora.xtec.cat\/zer-pedrera\/?p=2630"},"modified":"2020-06-22T13:25:06","modified_gmt":"2020-06-22T11:25:06","slug":"no-ens-desdibuixeu","status":"publish","type":"post","link":"https:\/\/agora.xtec.cat\/zer-pedrera\/general\/no-ens-desdibuixeu\/","title":{"rendered":"No ens desdibuixeu!"},"content":{"rendered":"<p style=\"text-align: left;\">Bona tarda,<\/p>\n<p style=\"text-align: left;\">Aquest tercer trimestre hem participat al Projecte Dona la Nota, No ens desdibuixeu!. Una proposta del Camp d&#8217;Aprenentatge, Pau Casals, que ens ha perm\u00e8s concloure la tem\u00e0tica del Medi Ambient treballada al llarg d&#8217;aquest curs amb el treball de la seva can\u00e7\u00f3. En el seg\u00fcent <a href=\"https:\/\/photos.app.goo.gl\/p8gBHMbAqkGixxog6\">v\u00eddeo<\/a>, podreu gaudir del resultat.<\/p>\n<p style=\"text-align: left;\">A m\u00e9s a m\u00e9s, dem\u00e0, dia 5 de juny sobre les 11 del mat\u00ed, els integrants del\u00a0<a href=\"mailto:http:\/\/petaca.cat\/\">Petit Taller de Can\u00e7ons<\/a>\u00a0autors de la can\u00e7\u00f3 No Ens Desdibuixeu, interpretaran en directe una versi\u00f3 ac\u00fastica des del\u00a0<a href=\"mailto:http:\/\/www.paucasals.org\/\">Museu Vil.la Casals del Vendrell<\/a>.<br \/>\nA <a href=\"https:\/\/projectes.xtec.cat\/encara-hi-som-a-temps\/\">la p\u00e0gina web<\/a> podreu seguir la retransmissi\u00f3 d\u2019aquest acte central de DONA LA NOTA, i cantar-la amb totes les escoles participants. Tamb\u00e9 a tots els Canals de TV de la XARXA durant la retransmissi\u00f3 del programa \u201c Bentrobats\u201d es far\u00e0 una connexi\u00f3 en directe amb l\u2019acte central. En acabar es posar\u00e0 tamb\u00e9 el videoclip per si es prefereix cantar-la amb la versi\u00f3 original.<\/p>\n<p style=\"text-align: left;\">Si cliqueu a l&#8217;enlla\u00e7 de la web, us trobareu una sorpresa, en la qual hi participen tots els nens i nenes de les escoles participants! Esperem que us agradi!<\/p>\n<p style=\"text-align: left;\">Equip docent ZER Pedrera<\/p>\n","protected":false},"excerpt":{"rendered":"<p>Bona tarda,<br \/>\nAquest tercer trimestre hem participat al Projecte Dona la Nota, No ens desdibuixeu!. Una proposta del Camp d&#8217;Aprenentatge, Pau Casals, que ens ha perm\u00e8s concloure la tem\u00e0tica del Medi Ambient treballada al llarg d&#8217;aquest curs amb el treball de la seva can\u00e7\u00f3. En el&hellip;  <a href=\"https:\/\/agora.xtec.cat\/zer-pedrera\/general\/no-ens-desdibuixeu\/\" title=\"Read No ens desdibuixeu!\">Llegeix m\u00e9s\u00bb<\/a><\/p>\n","protected":false},"author":1,"featured_media":2631,"comment_status":"open","ping_status":"closed","sticky":false,"template":"","format":"standard","meta":{"_bbp_topic_count":0,"_bbp_reply_count":0,"_bbp_total_topic_count":0,"_bbp_total_reply_count":0,"_bbp_voice_count":0,"_bbp_anonymous_reply_count":0,"_bbp_topic_count_hidden":0,"_bbp_reply_count_hidden":0,"_bbp_forum_subforum_count":0,"footnotes":""},"categories":[145,110,111,1,115,118,29],"tags":[],"class_list":["post-2630","post","type-post","status-publish","format-standard","has-post-thumbnail","hentry","category-educacio-en-valors","category-escola-abat-ruera","category-escola-porcel-de-cervera","category-general","category-materies","category-musica-2","category-portada"],"post_mailing_queue_ids":[],"_links":{"self":[{"href":"https:\/\/agora.xtec.cat\/zer-pedrera\/wp-json\/wp\/v2\/posts\/2630","targetHints":{"allow":["GET"]}}],"collection":[{"href":"https:\/\/agora.xtec.cat\/zer-pedrera\/wp-json\/wp\/v2\/posts"}],"about":[{"href":"https:\/\/agora.xtec.cat\/zer-pedrera\/wp-json\/wp\/v2\/types\/post"}],"author":[{"embeddable":true,"href":"https:\/\/agora.xtec.cat\/zer-pedrera\/wp-json\/wp\/v2\/users\/1"}],"replies":[{"embeddable":true,"href":"https:\/\/agora.xtec.cat\/zer-pedrera\/wp-json\/wp\/v2\/comments?post=2630"}],"version-history":[{"count":3,"href":"https:\/\/agora.xtec.cat\/zer-pedrera\/wp-json\/wp\/v2\/posts\/2630\/revisions"}],"predecessor-version":[{"id":2638,"href":"https:\/\/agora.xtec.cat\/zer-pedrera\/wp-json\/wp\/v2\/posts\/2630\/revisions\/2638"}],"wp:featuredmedia":[{"embeddable":true,"href":"https:\/\/agora.xtec.cat\/zer-pedrera\/wp-json\/wp\/v2\/media\/2631"}],"wp:attachment":[{"href":"https:\/\/agora.xtec.cat\/zer-pedrera\/wp-json\/wp\/v2\/media?parent=2630"}],"wp:term":[{"taxonomy":"category","embeddable":true,"href":"https:\/\/agora.xtec.cat\/zer-pedrera\/wp-json\/wp\/v2\/categories?post=2630"},{"taxonomy":"post_tag","embeddable":true,"href":"https:\/\/agora.xtec.cat\/zer-pedrera\/wp-json\/wp\/v2\/tags?post=2630"}],"curies":[{"name":"wp","href":"https:\/\/api.w.org\/{rel}","templated":true}]}}