{"id":2620,"date":"2020-06-01T07:47:07","date_gmt":"2020-06-01T05:47:07","guid":{"rendered":"http:\/\/agora.xtec.cat\/zer-pedrera\/?p=2620"},"modified":"2020-06-22T13:26:08","modified_gmt":"2020-06-22T11:26:08","slug":"ajuts-individuals-de-menjador-curs-2020-2021","status":"publish","type":"post","link":"https:\/\/agora.xtec.cat\/zer-pedrera\/general\/ajuts-individuals-de-menjador-curs-2020-2021\/","title":{"rendered":"AJUTS INDIVIDUALS DE MENJADOR CURS 2020-2021"},"content":{"rendered":"<p style=\"font-weight: 400;\">El Consell Comarcal de les Garrigues ha obert el termini per presentar les sol\u00b7licituds d&#8217;ajut individual de menjador per al curs 2020-2021 i <strong>finalitza el dia 22 de juny<\/strong>.<\/p>\n<p style=\"font-weight: 400;\">Informaci\u00f3 important:<\/p>\n<p style=\"font-weight: 400;\">&#8211; Les bases i el model de sol\u00b7licitud s&#8217;han de recollir a l&#8217;Ajuntament.<\/p>\n<p style=\"font-weight: 400;\">&#8211; Les fam\u00edlies que vau demanar l&#8217;ajut per al curs 2019-2020, no cal que torneu a adjuntar els documents que ja vau aportar i que encara estiguin vigents.<\/p>\n<p style=\"font-weight: 400;\">&#8211; Les sol\u00b7licituds s&#8217;hauran de presentar a l&#8217;Ajuntament, per\u00f2 caldr\u00e0 trucar per demanar <strong>cita pr\u00e8via<\/strong>. Quan truqueu es demanar\u00e0 el nom de l&#8217;alumne i un tel\u00e8fon de contacte i despr\u00e9s ja us trucaran per concertar la data i l&#8217;hora de la cita. S&#8217;aprofitar\u00e0 aquesta trucada per aclarir, si cal, tots els dubtes que puguin sorgir, de manera que quan presenteu la sol\u00b7licitud estigui tot correcte i no sigui necessari fer requeriments. \u00c9s important que sapigueu que ja podeu anar a l&#8217;Ajuntament a buscar el model de sol\u00b7licitud per\u00f2, que fora d&#8217;aix\u00f2, no s&#8217;atendr\u00e0 ning\u00fa sense cita pr\u00e8via.<\/p>\n<p style=\"font-weight: 400;\">\n","protected":false},"excerpt":{"rendered":"<p>El Consell Comarcal de les Garrigues ha obert el termini per presentar les sol\u00b7licituds d&#8217;ajut individual de menjador per al curs 2020-2021 i finalitza el dia 22 de juny.<br \/>\nInformaci\u00f3 important:<br \/>\n&#8211; Les bases i el model de sol\u00b7licitud s&#8217;han de recollir a l&#8217;Ajuntament.<br \/>\n&#8211; Les fam\u00edlies que&hellip;  <a href=\"https:\/\/agora.xtec.cat\/zer-pedrera\/general\/ajuts-individuals-de-menjador-curs-2020-2021\/\" title=\"Read AJUTS INDIVIDUALS DE MENJADOR CURS 2020-2021\">Llegeix m\u00e9s\u00bb<\/a><\/p>\n","protected":false},"author":1,"featured_media":2621,"comment_status":"open","ping_status":"closed","sticky":false,"template":"","format":"standard","meta":{"_bbp_topic_count":0,"_bbp_reply_count":0,"_bbp_total_topic_count":0,"_bbp_total_reply_count":0,"_bbp_voice_count":0,"_bbp_anonymous_reply_count":0,"_bbp_topic_count_hidden":0,"_bbp_reply_count_hidden":0,"_bbp_forum_subforum_count":0,"footnotes":""},"categories":[113,110,111,1,29,89],"tags":[],"class_list":["post-2620","post","type-post","status-publish","format-standard","has-post-thumbnail","hentry","category-e-infantil","category-escola-abat-ruera","category-escola-porcel-de-cervera","category-general","category-portada","category-primaria"],"post_mailing_queue_ids":[],"_links":{"self":[{"href":"https:\/\/agora.xtec.cat\/zer-pedrera\/wp-json\/wp\/v2\/posts\/2620","targetHints":{"allow":["GET"]}}],"collection":[{"href":"https:\/\/agora.xtec.cat\/zer-pedrera\/wp-json\/wp\/v2\/posts"}],"about":[{"href":"https:\/\/agora.xtec.cat\/zer-pedrera\/wp-json\/wp\/v2\/types\/post"}],"author":[{"embeddable":true,"href":"https:\/\/agora.xtec.cat\/zer-pedrera\/wp-json\/wp\/v2\/users\/1"}],"replies":[{"embeddable":true,"href":"https:\/\/agora.xtec.cat\/zer-pedrera\/wp-json\/wp\/v2\/comments?post=2620"}],"version-history":[{"count":1,"href":"https:\/\/agora.xtec.cat\/zer-pedrera\/wp-json\/wp\/v2\/posts\/2620\/revisions"}],"predecessor-version":[{"id":2622,"href":"https:\/\/agora.xtec.cat\/zer-pedrera\/wp-json\/wp\/v2\/posts\/2620\/revisions\/2622"}],"wp:featuredmedia":[{"embeddable":true,"href":"https:\/\/agora.xtec.cat\/zer-pedrera\/wp-json\/wp\/v2\/media\/2621"}],"wp:attachment":[{"href":"https:\/\/agora.xtec.cat\/zer-pedrera\/wp-json\/wp\/v2\/media?parent=2620"}],"wp:term":[{"taxonomy":"category","embeddable":true,"href":"https:\/\/agora.xtec.cat\/zer-pedrera\/wp-json\/wp\/v2\/categories?post=2620"},{"taxonomy":"post_tag","embeddable":true,"href":"https:\/\/agora.xtec.cat\/zer-pedrera\/wp-json\/wp\/v2\/tags?post=2620"}],"curies":[{"name":"wp","href":"https:\/\/api.w.org\/{rel}","templated":true}]}}