{"id":2591,"date":"2020-05-08T08:20:05","date_gmt":"2020-05-08T06:20:05","guid":{"rendered":"http:\/\/agora.xtec.cat\/zer-pedrera\/?p=2591"},"modified":"2020-06-22T13:31:36","modified_gmt":"2020-06-22T11:31:36","slug":"preinscripcio-i-matricula-del-curs-2020-2021","status":"publish","type":"post","link":"https:\/\/agora.xtec.cat\/zer-pedrera\/general\/preinscripcio-i-matricula-del-curs-2020-2021\/","title":{"rendered":"PREINSCRIPCI\u00d3 I MATR\u00cdCULA DEL CURS 2020-2021"},"content":{"rendered":"<p>Benvolgudes fam\u00edlies,<\/p>\n<p>Us informem del calendari de preinscripci\u00f3 i matr\u00edcula:<\/p>\n<ul>\n<li><strong>PREINSCRIPCI\u00d3: 13 a 22 de maig<\/strong><\/li>\n<li>MATR\u00cdCULA: 13 a 17 de juliol<\/li>\n<\/ul>\n<p>La preinscripci\u00f3 es podr\u00e0 realitzar tant <strong>telem\u00e0tica<\/strong> com <strong>presencialment<\/strong>.<\/p>\n<p>En cas que s&#8217;opti per la preinscripci\u00f3 presencial s&#8217;establir\u00e0 assignant cita pr\u00e8via a les fam\u00edlies; en cas que s&#8217;opti per fer la preinscripci\u00f3 telem\u00e0tica, s&#8217;utilitzaran els respectius correus electr\u00f2nics del centre per tal de fer arribar la sol\u00b7licitud i la documentaci\u00f3.<\/p>\n<p><strong>Escola Porcel de Cervera: c5001473@xtec.cat<\/strong><\/p>\n<p><strong>Escola Abat Ruera: c5005910@xtec.cat<\/strong><\/p>\n<p>Els propers dies publicarem com s&#8217;efectuar\u00e0 la preinscripci\u00f3 a les escoles de la ZER i us facilitarem l&#8217;acc\u00e9s a la sol\u00b7licitud. Donades les caracter\u00edstiques dels centres, ens posarem en contacte amb vosaltres per tal de determinar com voleu realitzar aquest procediment. En cas d&#8217;alumnat que no provingui del Primer Cicle d&#8217;Educaci\u00f3 Infantil (Puiggr\u00f2s) o que les direccions dels centres no tinguem const\u00e0ncia de la voluntat de ser preinscrits als nostres centres, agrair\u00edem que us pos\u00e9ssiu en contacte amb nosaltres a trav\u00e9s de les adreces de correu electr\u00f2nic facilitades.<\/p>\n<p>Per a m\u00e9s informaci\u00f3 sobre el proc\u00e9s de preinscripci\u00f3 i matr\u00edcula cliqueu <a href=\"http:\/\/queestudiar.gencat.cat\/ca\/preinscripcio\/estudis\/obligatoris\/\" target=\"_blank\" rel=\"noopener noreferrer\">AQU\u00cd<\/a>.<\/p>\n<p><span style=\"text-decoration: underline;\"><strong>Sol\u00b7licituds de preinscripci\u00f3 presencial\/on line clicant<\/strong><\/span> <a href=\"http:\/\/ensenyament.gencat.cat\/ca\/tramits\/tramits-temes\/20483_preinscripcio_escolar?moda=1\" target=\"_blank\" rel=\"noopener noreferrer\">AQU\u00cd<\/a>.<\/p>\n<p>&nbsp;<\/p>\n<p><strong>Documentaci\u00f3 de la Preinscripci\u00f3 pel curs 2020-2021<\/strong><\/p>\n<p>Caldr\u00e0 que adjunteu la seg\u00fce<span style=\"font-family: inherit; font-size: 1em;\">nt documentaci\u00f3, digitalitzada, al correu de l\u2019escola (en cas de fer la preinscripci\u00f3 telem\u00e0tica) o fer-la arribar al centre (en cas de preinscripci\u00f3 presencial, amb cita pr\u00e8via)<\/span><span style=\"font-family: inherit; font-size: 1em;\">:<\/span><\/p>\n<ul>\n<li>Fotoc\u00f2pia del llibre de fam\u00edlia: la p\u00e0gina inicial, la p\u00e0gina dels pares i la del nen\/a.<\/li>\n<li>Fotoc\u00f2pia del DNI dels pares (i fotocopia del DNI del nen\/a, si el t\u00e9).<\/li>\n<li>Fotoc\u00f2pia de la TSI (targeta sanit\u00e0ria individual) del nen-a.<\/li>\n<li>Fotoc\u00f2pia Carnet de Salut (p\u00e0gina de les vacunes).<\/li>\n<\/ul>\n<p>&nbsp;<\/p>\n<p><strong>Publicaci\u00f3 de l&#8217;oferta inicial:<\/strong><\/p>\n<p>*Consultar <a href=\"http:\/\/mapaescolar.gencat.cat\/\" target=\"_blank\" rel=\"noopener noreferrer\">&#8220;Mapa escolar de Catalunya&#8221;<\/a><\/p>\n<p>&nbsp;<\/p>\n<p><strong>Consulta BAREM PROVISIONAL:<\/strong><\/p>\n<p>Clicant <a href=\"https:\/\/drive.google.com\/open?id=1WCMzmOqsdvPSnqJ3fdJtP3WJWDT5TIhj\" target=\"_blank\" rel=\"noopener noreferrer\">AQU\u00cd<\/a>.<\/p>\n<p>&nbsp;<\/p>\n<p>&nbsp;<\/p>\n<p>&nbsp;<\/p>\n<p>&nbsp;<\/p>\n<p>&nbsp;<\/p>\n<p>&nbsp;<\/p>\n<p>&nbsp;<\/p>\n<p>&nbsp;<\/p>\n<p>&nbsp;<\/p>\n<p>&nbsp;<\/p>\n<p>&nbsp;<\/p>\n<p>&nbsp;<\/p>\n<p>&nbsp;<\/p>\n<p>&nbsp;<\/p>\n<p>&nbsp;<\/p>\n<p>&nbsp;<\/p>\n<p>&nbsp;<\/p>\n<p>&nbsp;<\/p>\n","protected":false},"excerpt":{"rendered":"<p>Benvolgudes fam\u00edlies,<br \/>\nUs informem del calendari de preinscripci\u00f3 i matr\u00edcula:<\/p>\n<ul>\n<li>PREINSCRIPCI\u00d3: 13 a 22 de maig<\/li>\n<li>MATR\u00cdCULA: 13 a 17 de juliol<\/li>\n<\/ul>\n<p>La preinscripci\u00f3 es podr\u00e0 realitzar tant telem\u00e0tica com presencialment.<br \/>\nEn cas que s&#8217;opti per la preinscripci\u00f3 presencial s&#8217;establir\u00e0 assignant cita pr\u00e8via a les fam\u00edlies; en cas que s&#8217;opti&hellip;  <a href=\"https:\/\/agora.xtec.cat\/zer-pedrera\/general\/preinscripcio-i-matricula-del-curs-2020-2021\/\" title=\"Read PREINSCRIPCI\u00d3 I MATR\u00cdCULA DEL CURS 2020-2021\">Llegeix m\u00e9s\u00bb<\/a><\/p>\n","protected":false},"author":1,"featured_media":2592,"comment_status":"open","ping_status":"closed","sticky":false,"template":"","format":"standard","meta":{"_bbp_topic_count":0,"_bbp_reply_count":0,"_bbp_total_topic_count":0,"_bbp_total_reply_count":0,"_bbp_voice_count":0,"_bbp_anonymous_reply_count":0,"_bbp_topic_count_hidden":0,"_bbp_reply_count_hidden":0,"_bbp_forum_subforum_count":0,"footnotes":""},"categories":[110,111,1,29],"tags":[],"class_list":["post-2591","post","type-post","status-publish","format-standard","has-post-thumbnail","hentry","category-escola-abat-ruera","category-escola-porcel-de-cervera","category-general","category-portada"],"post_mailing_queue_ids":[],"_links":{"self":[{"href":"https:\/\/agora.xtec.cat\/zer-pedrera\/wp-json\/wp\/v2\/posts\/2591","targetHints":{"allow":["GET"]}}],"collection":[{"href":"https:\/\/agora.xtec.cat\/zer-pedrera\/wp-json\/wp\/v2\/posts"}],"about":[{"href":"https:\/\/agora.xtec.cat\/zer-pedrera\/wp-json\/wp\/v2\/types\/post"}],"author":[{"embeddable":true,"href":"https:\/\/agora.xtec.cat\/zer-pedrera\/wp-json\/wp\/v2\/users\/1"}],"replies":[{"embeddable":true,"href":"https:\/\/agora.xtec.cat\/zer-pedrera\/wp-json\/wp\/v2\/comments?post=2591"}],"version-history":[{"count":4,"href":"https:\/\/agora.xtec.cat\/zer-pedrera\/wp-json\/wp\/v2\/posts\/2591\/revisions"}],"predecessor-version":[{"id":2619,"href":"https:\/\/agora.xtec.cat\/zer-pedrera\/wp-json\/wp\/v2\/posts\/2591\/revisions\/2619"}],"wp:featuredmedia":[{"embeddable":true,"href":"https:\/\/agora.xtec.cat\/zer-pedrera\/wp-json\/wp\/v2\/media\/2592"}],"wp:attachment":[{"href":"https:\/\/agora.xtec.cat\/zer-pedrera\/wp-json\/wp\/v2\/media?parent=2591"}],"wp:term":[{"taxonomy":"category","embeddable":true,"href":"https:\/\/agora.xtec.cat\/zer-pedrera\/wp-json\/wp\/v2\/categories?post=2591"},{"taxonomy":"post_tag","embeddable":true,"href":"https:\/\/agora.xtec.cat\/zer-pedrera\/wp-json\/wp\/v2\/tags?post=2591"}],"curies":[{"name":"wp","href":"https:\/\/api.w.org\/{rel}","templated":true}]}}