{"id":2585,"date":"2020-05-04T17:54:42","date_gmt":"2020-05-04T15:54:42","guid":{"rendered":"http:\/\/agora.xtec.cat\/zer-pedrera\/?p=2585"},"modified":"2020-05-04T17:54:42","modified_gmt":"2020-05-04T15:54:42","slug":"tercera-proposta-deducacio-fisica-per-a-educacio-infantil-i-cicle-inicial","status":"publish","type":"post","link":"https:\/\/agora.xtec.cat\/zer-pedrera\/portada\/tercera-proposta-deducacio-fisica-per-a-educacio-infantil-i-cicle-inicial\/","title":{"rendered":"Tercera proposta d&#8217;educaci\u00f3 f\u00edsica per a educaci\u00f3 infantil i cicle inicial."},"content":{"rendered":"<p>Bona tarda,<\/p>\n<p>Aquesta setmana treballarem les habilitats motrius b\u00e0siques. Per portar-ho a terme us convido a que amb ajuda de la familia organitzeu un petit circuit a casa per treballar les seg\u00fcents habilitats:<\/p>\n<p>Gatejar &#8211; Reptar &#8211; Salt amb peus junts &#8211; Salt a peu coix &#8211; Salt amb dos peus junts &#8211; Croqueta &#8211; Tombarella (OPCIONAL) &#8211; Despla\u00e7ament en zig-zag.<\/p>\n<p>Podeu utilitzar tot tipus de material que tingueu per casa, cadires, taules, matalassos, pero sempre amb la supervisi\u00f3 dels pares i mares.<\/p>\n<p>Espero que us agradi l&#8217;activitat. Si voleu compartir amb nosaltres la vostra experi\u00e8ncia podeu fer-me arribar un video amb els vostres circuits a jortin74@gmail.com.<\/p>\n<p>&nbsp;<\/p>\n<p>Una abra\u00e7ada!<\/p>\n<p>Joan<\/p>\n<p>&nbsp;<\/p>\n","protected":false},"excerpt":{"rendered":"<p>Bona tarda,<br \/>\nAquesta setmana treballarem les habilitats motrius b\u00e0siques. Per portar-ho a terme us convido a que amb ajuda de la familia organitzeu un petit circuit a casa per treballar les seg\u00fcents habilitats:<br \/>\nGatejar &#8211; Reptar &#8211; Salt amb peus junts &#8211; Salt a peu coix &#8211;&hellip;  <a href=\"https:\/\/agora.xtec.cat\/zer-pedrera\/portada\/tercera-proposta-deducacio-fisica-per-a-educacio-infantil-i-cicle-inicial\/\" title=\"Read Tercera proposta d&#8217;educaci\u00f3 f\u00edsica per a educaci\u00f3 infantil i cicle inicial.\">Llegeix m\u00e9s\u00bb<\/a><\/p>\n","protected":false},"author":1,"featured_media":2586,"comment_status":"open","ping_status":"closed","sticky":false,"template":"","format":"standard","meta":{"_bbp_topic_count":0,"_bbp_reply_count":0,"_bbp_total_topic_count":0,"_bbp_total_reply_count":0,"_bbp_voice_count":0,"_bbp_anonymous_reply_count":0,"_bbp_topic_count_hidden":0,"_bbp_reply_count_hidden":0,"_bbp_forum_subforum_count":0,"footnotes":""},"categories":[29],"tags":[],"class_list":["post-2585","post","type-post","status-publish","format-standard","has-post-thumbnail","hentry","category-portada"],"post_mailing_queue_ids":[],"_links":{"self":[{"href":"https:\/\/agora.xtec.cat\/zer-pedrera\/wp-json\/wp\/v2\/posts\/2585","targetHints":{"allow":["GET"]}}],"collection":[{"href":"https:\/\/agora.xtec.cat\/zer-pedrera\/wp-json\/wp\/v2\/posts"}],"about":[{"href":"https:\/\/agora.xtec.cat\/zer-pedrera\/wp-json\/wp\/v2\/types\/post"}],"author":[{"embeddable":true,"href":"https:\/\/agora.xtec.cat\/zer-pedrera\/wp-json\/wp\/v2\/users\/1"}],"replies":[{"embeddable":true,"href":"https:\/\/agora.xtec.cat\/zer-pedrera\/wp-json\/wp\/v2\/comments?post=2585"}],"version-history":[{"count":1,"href":"https:\/\/agora.xtec.cat\/zer-pedrera\/wp-json\/wp\/v2\/posts\/2585\/revisions"}],"predecessor-version":[{"id":2587,"href":"https:\/\/agora.xtec.cat\/zer-pedrera\/wp-json\/wp\/v2\/posts\/2585\/revisions\/2587"}],"wp:featuredmedia":[{"embeddable":true,"href":"https:\/\/agora.xtec.cat\/zer-pedrera\/wp-json\/wp\/v2\/media\/2586"}],"wp:attachment":[{"href":"https:\/\/agora.xtec.cat\/zer-pedrera\/wp-json\/wp\/v2\/media?parent=2585"}],"wp:term":[{"taxonomy":"category","embeddable":true,"href":"https:\/\/agora.xtec.cat\/zer-pedrera\/wp-json\/wp\/v2\/categories?post=2585"},{"taxonomy":"post_tag","embeddable":true,"href":"https:\/\/agora.xtec.cat\/zer-pedrera\/wp-json\/wp\/v2\/tags?post=2585"}],"curies":[{"name":"wp","href":"https:\/\/api.w.org\/{rel}","templated":true}]}}