{"id":2580,"date":"2020-04-27T18:48:54","date_gmt":"2020-04-27T16:48:54","guid":{"rendered":"http:\/\/agora.xtec.cat\/zer-pedrera\/?p=2580"},"modified":"2020-04-27T18:59:21","modified_gmt":"2020-04-27T16:59:21","slug":"2ona-proposta-deducacio-fisica-per-a-cicle-mitja-i-cicle-superior","status":"publish","type":"post","link":"https:\/\/agora.xtec.cat\/zer-pedrera\/general\/2ona-proposta-deducacio-fisica-per-a-cicle-mitja-i-cicle-superior\/","title":{"rendered":"2a Proposta d&#8217;educaci\u00f3 f\u00edsica per a cicle mitj\u00e0 i cicle superior."},"content":{"rendered":"<p>Bona tarda nens i nenes,<\/p>\n<p>Com ja sabeu, al comen\u00e7ar el trimestre realitz\u00e0vem unes petites proves f\u00edsiques que ens ajudaven a con\u00e8ixer les nostres marques individuals envers els despla\u00e7ament, el salt, etc.<\/p>\n<p>Mireu, aquesta vegada i com que ja podem sortir al carrer, la tasca \u00e9s la seg\u00fcent:<\/p>\n<p>Abans de comen\u00e7ar, si us plau, feu un bon escalfament articular i correu durant 3 minuts amb poca intensitat perqu\u00e8 el vostre cos i articulacions puguin escalfar b\u00e9.<\/p>\n<p><strong>Prova dels 50 metres: <\/strong>Amb ajuda d&#8217;un adult heu de calcular 50 metres en l\u00ednia recta. Podeu fer la prova tantes vegades com us vingui de gust. Quan tingueu una marca que considereu bona, podeu fer-me un correu a<strong> jortin74@gmail.com<\/strong> i fer-me arribar els registres.<\/p>\n<p><strong>Prova del salt de llargada:<\/strong> Recordeu, amb ajuda d&#8217;una cinta m\u00e8trica i alg\u00fa que us pugui mesurar la dist\u00e0ncia del salt, heu de intentar fer el salt m\u00e9s llarg possible. Com a la prova anterior, anoteu la dada i me la feu arribar al mateix correu.<\/p>\n<p>Aquestes s\u00f3n les dos petites tasques per aquesta setmana!!!<\/p>\n<p>&nbsp;<\/p>\n","protected":false},"excerpt":{"rendered":"<p>Bona tarda nens i nenes,<br \/>\nCom ja sabeu, al comen\u00e7ar el trimestre realitz\u00e0vem unes petites proves f\u00edsiques que ens ajudaven a con\u00e8ixer les nostres marques individuals envers els despla\u00e7ament, el salt, etc.<br \/>\nMireu, aquesta vegada i com que ja podem sortir al carrer, la tasca \u00e9s la&hellip;  <a href=\"https:\/\/agora.xtec.cat\/zer-pedrera\/general\/2ona-proposta-deducacio-fisica-per-a-cicle-mitja-i-cicle-superior\/\" title=\"Read 2a Proposta d&#8217;educaci\u00f3 f\u00edsica per a cicle mitj\u00e0 i cicle superior.\">Llegeix m\u00e9s\u00bb<\/a><\/p>\n","protected":false},"author":1,"featured_media":2581,"comment_status":"open","ping_status":"closed","sticky":false,"template":"","format":"standard","meta":{"_bbp_topic_count":0,"_bbp_reply_count":0,"_bbp_total_topic_count":0,"_bbp_total_reply_count":0,"_bbp_voice_count":0,"_bbp_anonymous_reply_count":0,"_bbp_topic_count_hidden":0,"_bbp_reply_count_hidden":0,"_bbp_forum_subforum_count":0,"footnotes":""},"categories":[1,29],"tags":[],"class_list":["post-2580","post","type-post","status-publish","format-standard","has-post-thumbnail","hentry","category-general","category-portada"],"post_mailing_queue_ids":[],"_links":{"self":[{"href":"https:\/\/agora.xtec.cat\/zer-pedrera\/wp-json\/wp\/v2\/posts\/2580","targetHints":{"allow":["GET"]}}],"collection":[{"href":"https:\/\/agora.xtec.cat\/zer-pedrera\/wp-json\/wp\/v2\/posts"}],"about":[{"href":"https:\/\/agora.xtec.cat\/zer-pedrera\/wp-json\/wp\/v2\/types\/post"}],"author":[{"embeddable":true,"href":"https:\/\/agora.xtec.cat\/zer-pedrera\/wp-json\/wp\/v2\/users\/1"}],"replies":[{"embeddable":true,"href":"https:\/\/agora.xtec.cat\/zer-pedrera\/wp-json\/wp\/v2\/comments?post=2580"}],"version-history":[{"count":3,"href":"https:\/\/agora.xtec.cat\/zer-pedrera\/wp-json\/wp\/v2\/posts\/2580\/revisions"}],"predecessor-version":[{"id":2584,"href":"https:\/\/agora.xtec.cat\/zer-pedrera\/wp-json\/wp\/v2\/posts\/2580\/revisions\/2584"}],"wp:featuredmedia":[{"embeddable":true,"href":"https:\/\/agora.xtec.cat\/zer-pedrera\/wp-json\/wp\/v2\/media\/2581"}],"wp:attachment":[{"href":"https:\/\/agora.xtec.cat\/zer-pedrera\/wp-json\/wp\/v2\/media?parent=2580"}],"wp:term":[{"taxonomy":"category","embeddable":true,"href":"https:\/\/agora.xtec.cat\/zer-pedrera\/wp-json\/wp\/v2\/categories?post=2580"},{"taxonomy":"post_tag","embeddable":true,"href":"https:\/\/agora.xtec.cat\/zer-pedrera\/wp-json\/wp\/v2\/tags?post=2580"}],"curies":[{"name":"wp","href":"https:\/\/api.w.org\/{rel}","templated":true}]}}