{"id":2577,"date":"2020-04-27T18:35:55","date_gmt":"2020-04-27T16:35:55","guid":{"rendered":"http:\/\/agora.xtec.cat\/zer-pedrera\/?p=2577"},"modified":"2020-04-27T18:35:55","modified_gmt":"2020-04-27T16:35:55","slug":"2ona-proposta-deducacio-fisica-per-a-cicle-inicial-i-educacio-infantil","status":"publish","type":"post","link":"https:\/\/agora.xtec.cat\/zer-pedrera\/portada\/2ona-proposta-deducacio-fisica-per-a-cicle-inicial-i-educacio-infantil\/","title":{"rendered":"2ona Proposta d&#8217;educaci\u00f3 f\u00edsica per a Cicle Inicial i Educaci\u00f3 Infantil."},"content":{"rendered":"<p>Bona tarda nens i nenes,<\/p>\n<p><strong>Part 1<\/strong><\/p>\n<p>Aquesta setmana treballarem el llan\u00e7ament i la recepci\u00f3. Per portar-ho a terme farem anar un parell de globus.<\/p>\n<p>La idea es que intenteu amb ajuda de la vostra fam\u00edlia els seg\u00fcents reptes.<\/p>\n<p>Llen\u00e7ar el globus amb la m\u00e0 dreta i agafar-lo amb les dos mans abans de que caigui. Despr\u00e9s amb la m\u00e0 esquerra.<\/p>\n<p>Despr\u00e9s fes el mateix per\u00f2 en comptes d&#8217;agafar-ho, intenta que el globus toqui les seg\u00fcents parts del cos abans de que toqui el terra:<\/p>\n<p>Cap, genoll, colze, esquena, cul.<\/p>\n<p>Perfecte!! Ara torna a repetir les activitats per aquesta vegada el llan\u00e7ament ho has de fer amb el peu.<\/p>\n<p><strong>Part 2<\/strong><\/p>\n<p>Per parelles us heu de passar el globus fent golpejos amb les mans.<\/p>\n<p>Per parelles us heu de passar el globus fent golpejos amb els peus.<\/p>\n<p>Per parelles us heu de passar el globus fent golpejos amb el cap.<\/p>\n<p><strong>Per fer el retorn em podeu fer un petit v\u00eddeo i enviar-ho a jortin74@gmail.com<\/strong><\/p>\n<p>&nbsp;<\/p>\n<p>&nbsp;<\/p>\n","protected":false},"excerpt":{"rendered":"<p>Bona tarda nens i nenes,<br \/>\nPart 1<br \/>\nAquesta setmana treballarem el llan\u00e7ament i la recepci\u00f3. Per portar-ho a terme farem anar un parell de globus.<br \/>\nLa idea es que intenteu amb ajuda de la vostra fam\u00edlia els seg\u00fcents reptes.<br \/>\nLlen\u00e7ar el globus amb la m\u00e0 dreta i agafar-lo amb&hellip;  <a href=\"https:\/\/agora.xtec.cat\/zer-pedrera\/portada\/2ona-proposta-deducacio-fisica-per-a-cicle-inicial-i-educacio-infantil\/\" title=\"Read 2ona Proposta d&#8217;educaci\u00f3 f\u00edsica per a Cicle Inicial i Educaci\u00f3 Infantil.\">Llegeix m\u00e9s\u00bb<\/a><\/p>\n","protected":false},"author":1,"featured_media":2578,"comment_status":"open","ping_status":"closed","sticky":false,"template":"","format":"standard","meta":{"_bbp_topic_count":0,"_bbp_reply_count":0,"_bbp_total_topic_count":0,"_bbp_total_reply_count":0,"_bbp_voice_count":0,"_bbp_anonymous_reply_count":0,"_bbp_topic_count_hidden":0,"_bbp_reply_count_hidden":0,"_bbp_forum_subforum_count":0,"footnotes":""},"categories":[29],"tags":[],"class_list":["post-2577","post","type-post","status-publish","format-standard","has-post-thumbnail","hentry","category-portada"],"post_mailing_queue_ids":[],"_links":{"self":[{"href":"https:\/\/agora.xtec.cat\/zer-pedrera\/wp-json\/wp\/v2\/posts\/2577","targetHints":{"allow":["GET"]}}],"collection":[{"href":"https:\/\/agora.xtec.cat\/zer-pedrera\/wp-json\/wp\/v2\/posts"}],"about":[{"href":"https:\/\/agora.xtec.cat\/zer-pedrera\/wp-json\/wp\/v2\/types\/post"}],"author":[{"embeddable":true,"href":"https:\/\/agora.xtec.cat\/zer-pedrera\/wp-json\/wp\/v2\/users\/1"}],"replies":[{"embeddable":true,"href":"https:\/\/agora.xtec.cat\/zer-pedrera\/wp-json\/wp\/v2\/comments?post=2577"}],"version-history":[{"count":1,"href":"https:\/\/agora.xtec.cat\/zer-pedrera\/wp-json\/wp\/v2\/posts\/2577\/revisions"}],"predecessor-version":[{"id":2579,"href":"https:\/\/agora.xtec.cat\/zer-pedrera\/wp-json\/wp\/v2\/posts\/2577\/revisions\/2579"}],"wp:featuredmedia":[{"embeddable":true,"href":"https:\/\/agora.xtec.cat\/zer-pedrera\/wp-json\/wp\/v2\/media\/2578"}],"wp:attachment":[{"href":"https:\/\/agora.xtec.cat\/zer-pedrera\/wp-json\/wp\/v2\/media?parent=2577"}],"wp:term":[{"taxonomy":"category","embeddable":true,"href":"https:\/\/agora.xtec.cat\/zer-pedrera\/wp-json\/wp\/v2\/categories?post=2577"},{"taxonomy":"post_tag","embeddable":true,"href":"https:\/\/agora.xtec.cat\/zer-pedrera\/wp-json\/wp\/v2\/tags?post=2577"}],"curies":[{"name":"wp","href":"https:\/\/api.w.org\/{rel}","templated":true}]}}