{"id":2550,"date":"2020-04-25T23:21:48","date_gmt":"2020-04-25T21:21:48","guid":{"rendered":"http:\/\/agora.xtec.cat\/zer-pedrera\/?p=2550"},"modified":"2020-04-25T23:23:19","modified_gmt":"2020-04-25T21:23:19","slug":"sortida-cultural-dels-alumnes-de-primaria-a-borges","status":"publish","type":"post","link":"https:\/\/agora.xtec.cat\/zer-pedrera\/portada\/sortida-cultural-dels-alumnes-de-primaria-a-borges\/","title":{"rendered":"Sortida cultural dels alumnes de prim\u00e0ria a Borges."},"content":{"rendered":"<p>El passat dimecres 4 de mar\u00e7, l&#8217;alumnat de cicle inicial i tercer prim\u00e0ria \u00a0de la ZER va participar en dos interessants activitats a les Borges Blanques. En primer lloc va assistir a la Sala Maria Lois per gaudir d&#8217;una audici\u00f3 d&#8217;aquofonia. Un espectacle realitzat amb amb ampolles d&#8217;aigua afinades amb les diferents notes de l&#8217;escala penjada d&#8217;unes barres.<\/p>\n<p>A m\u00e9s a m\u00e9s tamb\u00e9 vam tenir ocasi\u00f3 de con\u00e8ixer i manipular diferents musicals d&#8217;altres zones del m\u00f3n com l&#8217;agogo, el gong o l&#8217;udu.<\/p>\n<p>Despr\u00e9s ens vam despla\u00e7ar a les instal\u00b7lacions de l&#8217;escola Joan XVIII per veure l&#8217;obra de teatre, Georgina and the dragon.<\/p>\n<p>Les dues activitats ens van agradar molt.<\/p>\n\n\t\t<style type=\"text\/css\">\n\t\t\t#gallery-1 {\n\t\t\t\tmargin: auto;\n\t\t\t}\n\t\t\t#gallery-1 .gallery-item {\n\t\t\t\tfloat: left;\n\t\t\t\tmargin-top: 10px;\n\t\t\t\ttext-align: center;\n\t\t\t\twidth: 33%;\n\t\t\t}\n\t\t\t#gallery-1 img {\n\t\t\t\tborder: 2px solid #cfcfcf;\n\t\t\t}\n\t\t\t#gallery-1 .gallery-caption {\n\t\t\t\tmargin-left: 0;\n\t\t\t}\n\t\t\t\/* see gallery_shortcode() in wp-includes\/media.php *\/\n\t\t<\/style>\n\t\t<div id='gallery-1' class='gallery galleryid-2550 gallery-columns-3 gallery-size-thumbnail'><dl class='gallery-item'>\n\t\t\t<dt class='gallery-icon portrait'>\n\t\t\t\t<a href='https:\/\/agora.xtec.cat\/zer-pedrera\/portada\/sortida-cultural-dels-alumnes-de-primaria-a-borges\/attachment\/photo-2020-04-14-19-43-38\/'><img loading=\"lazy\" decoding=\"async\" width=\"150\" height=\"150\" src=\"https:\/\/agora.xtec.cat\/zer-pedrera\/wp-content\/uploads\/usu1473\/2020\/04\/PHOTO-2020-04-14-19-43-38-150x150.jpg\" class=\"attachment-thumbnail size-thumbnail\" alt=\"\" \/><\/a>\n\t\t\t<\/dt><\/dl><dl class='gallery-item'>\n\t\t\t<dt class='gallery-icon portrait'>\n\t\t\t\t<a href='https:\/\/agora.xtec.cat\/zer-pedrera\/portada\/sortida-cultural-dels-alumnes-de-primaria-a-borges\/attachment\/photo-2020-04-14-19-43-47\/'><img loading=\"lazy\" decoding=\"async\" width=\"150\" height=\"150\" src=\"https:\/\/agora.xtec.cat\/zer-pedrera\/wp-content\/uploads\/usu1473\/2020\/04\/PHOTO-2020-04-14-19-43-47-150x150.jpg\" class=\"attachment-thumbnail size-thumbnail\" alt=\"\" \/><\/a>\n\t\t\t<\/dt><\/dl><dl class='gallery-item'>\n\t\t\t<dt class='gallery-icon landscape'>\n\t\t\t\t<a href='https:\/\/agora.xtec.cat\/zer-pedrera\/portada\/sortida-cultural-dels-alumnes-de-primaria-a-borges\/attachment\/photo-2020-04-14-19-43-37\/'><img loading=\"lazy\" decoding=\"async\" width=\"150\" height=\"150\" src=\"https:\/\/agora.xtec.cat\/zer-pedrera\/wp-content\/uploads\/usu1473\/2020\/04\/PHOTO-2020-04-14-19-43-37-150x150.jpg\" class=\"attachment-thumbnail size-thumbnail\" alt=\"\" \/><\/a>\n\t\t\t<\/dt><\/dl><br style=\"clear: both\" \/><dl class='gallery-item'>\n\t\t\t<dt class='gallery-icon portrait'>\n\t\t\t\t<a href='https:\/\/agora.xtec.cat\/zer-pedrera\/portada\/sortida-cultural-dels-alumnes-de-primaria-a-borges\/attachment\/photo-2020-04-14-19-41-48\/'><img loading=\"lazy\" decoding=\"async\" width=\"150\" height=\"150\" src=\"https:\/\/agora.xtec.cat\/zer-pedrera\/wp-content\/uploads\/usu1473\/2020\/04\/PHOTO-2020-04-14-19-41-48-150x150.jpg\" class=\"attachment-thumbnail size-thumbnail\" alt=\"\" \/><\/a>\n\t\t\t<\/dt><\/dl><dl class='gallery-item'>\n\t\t\t<dt class='gallery-icon portrait'>\n\t\t\t\t<a href='https:\/\/agora.xtec.cat\/zer-pedrera\/portada\/sortida-cultural-dels-alumnes-de-primaria-a-borges\/attachment\/photo-2020-04-14-19-41-40\/'><img loading=\"lazy\" decoding=\"async\" width=\"150\" height=\"150\" src=\"https:\/\/agora.xtec.cat\/zer-pedrera\/wp-content\/uploads\/usu1473\/2020\/04\/PHOTO-2020-04-14-19-41-40-150x150.jpg\" class=\"attachment-thumbnail size-thumbnail\" alt=\"\" \/><\/a>\n\t\t\t<\/dt><\/dl><dl class='gallery-item'>\n\t\t\t<dt class='gallery-icon portrait'>\n\t\t\t\t<a href='https:\/\/agora.xtec.cat\/zer-pedrera\/portada\/sortida-cultural-dels-alumnes-de-primaria-a-borges\/attachment\/photo-2020-04-14-19-41-40_1\/'><img loading=\"lazy\" decoding=\"async\" width=\"150\" height=\"150\" src=\"https:\/\/agora.xtec.cat\/zer-pedrera\/wp-content\/uploads\/usu1473\/2020\/04\/PHOTO-2020-04-14-19-41-40_1-150x150.jpg\" class=\"attachment-thumbnail size-thumbnail\" alt=\"\" \/><\/a>\n\t\t\t<\/dt><\/dl><br style=\"clear: both\" \/><dl class='gallery-item'>\n\t\t\t<dt class='gallery-icon landscape'>\n\t\t\t\t<a href='https:\/\/agora.xtec.cat\/zer-pedrera\/portada\/sortida-cultural-dels-alumnes-de-primaria-a-borges\/attachment\/photo-2020-04-14-19-41-27\/'><img loading=\"lazy\" decoding=\"async\" width=\"150\" height=\"150\" src=\"https:\/\/agora.xtec.cat\/zer-pedrera\/wp-content\/uploads\/usu1473\/2020\/04\/PHOTO-2020-04-14-19-41-27-150x150.jpg\" class=\"attachment-thumbnail size-thumbnail\" alt=\"\" \/><\/a>\n\t\t\t<\/dt><\/dl><dl class='gallery-item'>\n\t\t\t<dt class='gallery-icon landscape'>\n\t\t\t\t<a href='https:\/\/agora.xtec.cat\/zer-pedrera\/portada\/sortida-cultural-dels-alumnes-de-primaria-a-borges\/attachment\/photo-2020-04-14-19-41-28\/'><img loading=\"lazy\" decoding=\"async\" width=\"150\" height=\"150\" src=\"https:\/\/agora.xtec.cat\/zer-pedrera\/wp-content\/uploads\/usu1473\/2020\/04\/PHOTO-2020-04-14-19-41-28-150x150.jpg\" class=\"attachment-thumbnail size-thumbnail\" alt=\"\" \/><\/a>\n\t\t\t<\/dt><\/dl><dl class='gallery-item'>\n\t\t\t<dt class='gallery-icon portrait'>\n\t\t\t\t<a href='https:\/\/agora.xtec.cat\/zer-pedrera\/portada\/sortida-cultural-dels-alumnes-de-primaria-a-borges\/attachment\/photo-2020-04-14-19-41-39\/'><img loading=\"lazy\" decoding=\"async\" width=\"150\" height=\"150\" src=\"https:\/\/agora.xtec.cat\/zer-pedrera\/wp-content\/uploads\/usu1473\/2020\/04\/PHOTO-2020-04-14-19-41-39-150x150.jpg\" class=\"attachment-thumbnail size-thumbnail\" alt=\"\" \/><\/a>\n\t\t\t<\/dt><\/dl><br style=\"clear: both\" \/>\n\t\t<\/div>\n\n<p>&nbsp;<\/p>\n","protected":false},"excerpt":{"rendered":"<p>El passat dimecres 4 de mar\u00e7, l&#8217;alumnat de cicle inicial i tercer prim\u00e0ria \u00a0de la ZER va participar en dos interessants activitats a les Borges Blanques. En primer lloc va assistir a la Sala Maria Lois per gaudir d&#8217;una audici\u00f3 d&#8217;aquofonia. Un espectacle realitzat amb&hellip;  <a href=\"https:\/\/agora.xtec.cat\/zer-pedrera\/portada\/sortida-cultural-dels-alumnes-de-primaria-a-borges\/\" title=\"Read Sortida cultural dels alumnes de prim\u00e0ria a Borges.\">Llegeix m\u00e9s\u00bb<\/a><\/p>\n","protected":false},"author":1,"featured_media":2554,"comment_status":"open","ping_status":"closed","sticky":false,"template":"","format":"standard","meta":{"_bbp_topic_count":0,"_bbp_reply_count":0,"_bbp_total_topic_count":0,"_bbp_total_reply_count":0,"_bbp_voice_count":0,"_bbp_anonymous_reply_count":0,"_bbp_topic_count_hidden":0,"_bbp_reply_count_hidden":0,"_bbp_forum_subforum_count":0,"footnotes":""},"categories":[29],"tags":[],"class_list":["post-2550","post","type-post","status-publish","format-standard","has-post-thumbnail","hentry","category-portada"],"post_mailing_queue_ids":[],"_links":{"self":[{"href":"https:\/\/agora.xtec.cat\/zer-pedrera\/wp-json\/wp\/v2\/posts\/2550","targetHints":{"allow":["GET"]}}],"collection":[{"href":"https:\/\/agora.xtec.cat\/zer-pedrera\/wp-json\/wp\/v2\/posts"}],"about":[{"href":"https:\/\/agora.xtec.cat\/zer-pedrera\/wp-json\/wp\/v2\/types\/post"}],"author":[{"embeddable":true,"href":"https:\/\/agora.xtec.cat\/zer-pedrera\/wp-json\/wp\/v2\/users\/1"}],"replies":[{"embeddable":true,"href":"https:\/\/agora.xtec.cat\/zer-pedrera\/wp-json\/wp\/v2\/comments?post=2550"}],"version-history":[{"count":1,"href":"https:\/\/agora.xtec.cat\/zer-pedrera\/wp-json\/wp\/v2\/posts\/2550\/revisions"}],"predecessor-version":[{"id":2560,"href":"https:\/\/agora.xtec.cat\/zer-pedrera\/wp-json\/wp\/v2\/posts\/2550\/revisions\/2560"}],"wp:featuredmedia":[{"embeddable":true,"href":"https:\/\/agora.xtec.cat\/zer-pedrera\/wp-json\/wp\/v2\/media\/2554"}],"wp:attachment":[{"href":"https:\/\/agora.xtec.cat\/zer-pedrera\/wp-json\/wp\/v2\/media?parent=2550"}],"wp:term":[{"taxonomy":"category","embeddable":true,"href":"https:\/\/agora.xtec.cat\/zer-pedrera\/wp-json\/wp\/v2\/categories?post=2550"},{"taxonomy":"post_tag","embeddable":true,"href":"https:\/\/agora.xtec.cat\/zer-pedrera\/wp-json\/wp\/v2\/tags?post=2550"}],"curies":[{"name":"wp","href":"https:\/\/api.w.org\/{rel}","templated":true}]}}