{"id":2519,"date":"2020-04-14T10:01:10","date_gmt":"2020-04-14T08:01:10","guid":{"rendered":"http:\/\/agora.xtec.cat\/zer-pedrera\/?p=2519"},"modified":"2020-04-14T10:01:10","modified_gmt":"2020-04-14T08:01:10","slug":"proposta-dactivitats-deducacio-fisica-per-a-educacio-infantil-i-cicle-inicial","status":"publish","type":"post","link":"https:\/\/agora.xtec.cat\/zer-pedrera\/portada\/proposta-dactivitats-deducacio-fisica-per-a-educacio-infantil-i-cicle-inicial\/","title":{"rendered":"Proposta d&#8217;activitats d&#8217;educaci\u00f3 f\u00edsica per a educaci\u00f3 infantil i cicle inicial."},"content":{"rendered":"<p>Bon dia nens i nenes!!<\/p>\n<p>Primer de tot espero que vosaltres i les vostres fam\u00edlies estigueu b\u00e9!!! Mireu, com que aquests dies no ens podem veure encara us vaig arribar una proposta que podeu treballar durant aquests dies a casa.<\/p>\n<p>Abans de fer-les us recomano que feu un bon escalfament, preparant el vostre cos per a l&#8217;activitat f\u00edsica. Recordeu moure i remoure les articulacions eh!!!<\/p>\n<p>B\u00e9 per comen\u00e7ar aquesta setmana us proposo als nens de d&#8217;educaci\u00f3 infantil i cicle inicial, que balleu amb la vostra fam\u00edlia la seg\u00fcent coreografia. \u00c9s molt sencilla i divertida.<\/p>\n<p>Aqui teniu l&#8217;enlla\u00e7. \u00a0\u00a0 <a href=\"https:\/\/www.youtube.com\/watch?v=ZxUVaSDNC2U\">EL BAILE DEL CUADRADO<\/a><\/p>\n<p>Si us sembla us podeu grabar i ho podeu compartir enviant el video a <strong>JORTIN74<span class=\"atwho-query\">@GMAIL.COM<\/span>\u00a0<\/strong><\/p>\n<p>A ballar!!!<\/p>\n","protected":false},"excerpt":{"rendered":"<p>Bon dia nens i nenes!!<br \/>\nPrimer de tot espero que vosaltres i les vostres fam\u00edlies estigueu b\u00e9!!! Mireu, com que aquests dies no ens podem veure encara us vaig arribar una proposta que podeu treballar durant aquests dies a casa.<br \/>\nAbans de fer-les us recomano que feu&hellip;  <a href=\"https:\/\/agora.xtec.cat\/zer-pedrera\/portada\/proposta-dactivitats-deducacio-fisica-per-a-educacio-infantil-i-cicle-inicial\/\" title=\"Read Proposta d&#8217;activitats d&#8217;educaci\u00f3 f\u00edsica per a educaci\u00f3 infantil i cicle inicial.\">Llegeix m\u00e9s\u00bb<\/a><\/p>\n","protected":false},"author":1,"featured_media":2520,"comment_status":"open","ping_status":"closed","sticky":false,"template":"","format":"standard","meta":{"_bbp_topic_count":0,"_bbp_reply_count":0,"_bbp_total_topic_count":0,"_bbp_total_reply_count":0,"_bbp_voice_count":0,"_bbp_anonymous_reply_count":0,"_bbp_topic_count_hidden":0,"_bbp_reply_count_hidden":0,"_bbp_forum_subforum_count":0,"footnotes":""},"categories":[29],"tags":[],"class_list":["post-2519","post","type-post","status-publish","format-standard","has-post-thumbnail","hentry","category-portada"],"post_mailing_queue_ids":[],"_links":{"self":[{"href":"https:\/\/agora.xtec.cat\/zer-pedrera\/wp-json\/wp\/v2\/posts\/2519","targetHints":{"allow":["GET"]}}],"collection":[{"href":"https:\/\/agora.xtec.cat\/zer-pedrera\/wp-json\/wp\/v2\/posts"}],"about":[{"href":"https:\/\/agora.xtec.cat\/zer-pedrera\/wp-json\/wp\/v2\/types\/post"}],"author":[{"embeddable":true,"href":"https:\/\/agora.xtec.cat\/zer-pedrera\/wp-json\/wp\/v2\/users\/1"}],"replies":[{"embeddable":true,"href":"https:\/\/agora.xtec.cat\/zer-pedrera\/wp-json\/wp\/v2\/comments?post=2519"}],"version-history":[{"count":2,"href":"https:\/\/agora.xtec.cat\/zer-pedrera\/wp-json\/wp\/v2\/posts\/2519\/revisions"}],"predecessor-version":[{"id":2530,"href":"https:\/\/agora.xtec.cat\/zer-pedrera\/wp-json\/wp\/v2\/posts\/2519\/revisions\/2530"}],"wp:featuredmedia":[{"embeddable":true,"href":"https:\/\/agora.xtec.cat\/zer-pedrera\/wp-json\/wp\/v2\/media\/2520"}],"wp:attachment":[{"href":"https:\/\/agora.xtec.cat\/zer-pedrera\/wp-json\/wp\/v2\/media?parent=2519"}],"wp:term":[{"taxonomy":"category","embeddable":true,"href":"https:\/\/agora.xtec.cat\/zer-pedrera\/wp-json\/wp\/v2\/categories?post=2519"},{"taxonomy":"post_tag","embeddable":true,"href":"https:\/\/agora.xtec.cat\/zer-pedrera\/wp-json\/wp\/v2\/tags?post=2519"}],"curies":[{"name":"wp","href":"https:\/\/api.w.org\/{rel}","templated":true}]}}