{"id":2449,"date":"2020-02-05T18:30:56","date_gmt":"2020-02-05T17:30:56","guid":{"rendered":"http:\/\/agora.xtec.cat\/zer-pedrera\/?p=2449"},"modified":"2020-02-05T18:32:05","modified_gmt":"2020-02-05T17:32:05","slug":"lemprenta-de-lescola-abat-ruera","status":"publish","type":"post","link":"https:\/\/agora.xtec.cat\/zer-pedrera\/general\/lemprenta-de-lescola-abat-ruera\/","title":{"rendered":"L&#8217;Empremta de l&#8217;escola \u00c0bat Ruera!"},"content":{"rendered":"<p>La setmana passada a l&#8217;escola \u00c0bat Ruera, vam poder gaudir de moltes activitats relacionades amb la diada de la Pau.<\/p>\n<p>En primer lloc, el dimarts dia 28 de gener, vam realitzar un apadrinament d\u2019empremtes (barrejant tots els nens i nenes de les diferents edats de l\u2019escola i la llar d\u2019infants) per poder realitzar el mural cooperatiu. Aquesta activitat va consistir en estampar els nostres peus, utilitzant pintures dels colors del m\u00f3n, calcar el nostre peu i, tot decorant-lo, escriure la nostra aportaci\u00f3 per millorar el m\u00f3n en qu\u00e8 vivim.<\/p>\n<p>I, en darrer lloc, el dia 30 de gener, vam celebrar la cursa solid\u00e0ria per tal de recaptar diners per als nens i nenes de la tribu dels\u00a0<em>Rohingyes<\/em>\u00a0amb el lema Kil\u00f2metres de solidaritat. \u00a0Tot un \u00e8xit! Seguidament, vam concloure la jornada amb la posada en com\u00fa de les nostres reflexions.<\/p>\n<p>A mode de conclusi\u00f3, ha estat una setmana plena d\u2019activitats significatives que ens han perm\u00e8s reflexionar sobre l\u2019empremta que deixem en el m\u00f3n a llarg i curt termini.<\/p>\n<p>Podeu consultar les imatges de la setmana al seg\u00fcent <a href=\"https:\/\/photos.app.goo.gl\/yyoXGCGXdujyrSpd9\">enlla\u00e7<\/a>.<\/p>\n","protected":false},"excerpt":{"rendered":"<p>La setmana passada a l&#8217;escola \u00c0bat Ruera, vam poder gaudir de moltes activitats relacionades amb la diada de la Pau.<br \/>\nEn primer lloc, el dimarts dia 28 de gener, vam realitzar un apadrinament d\u2019empremtes (barrejant tots els nens i nenes de les diferents edats de l\u2019escola&hellip;  <a href=\"https:\/\/agora.xtec.cat\/zer-pedrera\/general\/lemprenta-de-lescola-abat-ruera\/\" title=\"Read L&#8217;Empremta de l&#8217;escola \u00c0bat Ruera!\">Llegeix m\u00e9s\u00bb<\/a><\/p>\n","protected":false},"author":1,"featured_media":2450,"comment_status":"open","ping_status":"closed","sticky":false,"template":"","format":"standard","meta":{"_bbp_topic_count":0,"_bbp_reply_count":0,"_bbp_total_topic_count":0,"_bbp_total_reply_count":0,"_bbp_voice_count":0,"_bbp_anonymous_reply_count":0,"_bbp_topic_count_hidden":0,"_bbp_reply_count_hidden":0,"_bbp_forum_subforum_count":0,"footnotes":""},"categories":[113,145,110,1,29,89],"tags":[],"class_list":["post-2449","post","type-post","status-publish","format-standard","has-post-thumbnail","hentry","category-e-infantil","category-educacio-en-valors","category-escola-abat-ruera","category-general","category-portada","category-primaria"],"post_mailing_queue_ids":[],"_links":{"self":[{"href":"https:\/\/agora.xtec.cat\/zer-pedrera\/wp-json\/wp\/v2\/posts\/2449","targetHints":{"allow":["GET"]}}],"collection":[{"href":"https:\/\/agora.xtec.cat\/zer-pedrera\/wp-json\/wp\/v2\/posts"}],"about":[{"href":"https:\/\/agora.xtec.cat\/zer-pedrera\/wp-json\/wp\/v2\/types\/post"}],"author":[{"embeddable":true,"href":"https:\/\/agora.xtec.cat\/zer-pedrera\/wp-json\/wp\/v2\/users\/1"}],"replies":[{"embeddable":true,"href":"https:\/\/agora.xtec.cat\/zer-pedrera\/wp-json\/wp\/v2\/comments?post=2449"}],"version-history":[{"count":3,"href":"https:\/\/agora.xtec.cat\/zer-pedrera\/wp-json\/wp\/v2\/posts\/2449\/revisions"}],"predecessor-version":[{"id":2453,"href":"https:\/\/agora.xtec.cat\/zer-pedrera\/wp-json\/wp\/v2\/posts\/2449\/revisions\/2453"}],"wp:featuredmedia":[{"embeddable":true,"href":"https:\/\/agora.xtec.cat\/zer-pedrera\/wp-json\/wp\/v2\/media\/2450"}],"wp:attachment":[{"href":"https:\/\/agora.xtec.cat\/zer-pedrera\/wp-json\/wp\/v2\/media?parent=2449"}],"wp:term":[{"taxonomy":"category","embeddable":true,"href":"https:\/\/agora.xtec.cat\/zer-pedrera\/wp-json\/wp\/v2\/categories?post=2449"},{"taxonomy":"post_tag","embeddable":true,"href":"https:\/\/agora.xtec.cat\/zer-pedrera\/wp-json\/wp\/v2\/tags?post=2449"}],"curies":[{"name":"wp","href":"https:\/\/api.w.org\/{rel}","templated":true}]}}