{"id":2419,"date":"2020-01-31T13:24:26","date_gmt":"2020-01-31T12:24:26","guid":{"rendered":"http:\/\/agora.xtec.cat\/zer-pedrera\/?p=2419"},"modified":"2020-01-31T13:24:26","modified_gmt":"2020-01-31T12:24:26","slug":"36e-concurs-de-lonce-upon-a-time","status":"publish","type":"post","link":"https:\/\/agora.xtec.cat\/zer-pedrera\/general\/36e-concurs-de-lonce-upon-a-time\/","title":{"rendered":"36\u00e8 concurs de l&#8217;ONCE upon a time"},"content":{"rendered":"<p>Aquest curs ens hem presentat al concurs de l&#8217;ONCE, una mirada per a tothom.<\/p>\n<p>Us presentem la nostra bandera \u201cEl Yin i el Yang, l\u2019ull de la igualtat\u201d.\u00a0 Gr\u00e0cies al blanc i al negre representem el Yin i el Yang, que ens ensenya que tot t\u00e9 un contrari i una igualtat. El silenci i el so, la calma i el moviment,\u00a0 el fred i la calor, la foscor i la claror. Les capacitats que no poden existir les unes sense les altres.<\/p>\n<p>Tamb\u00e9, hem utilitzat els colors primaris (roig, groc i blau), ja que a partir d\u2019aquests trobem els secundaris. Les textures ens ajuden a transmetre el missatge a la gent amb dificultats de comprensi\u00f3. A m\u00e9s a m\u00e9s, volem donar veu a totes les difer\u00e8ncies amb els dibuixos d\u2019una o\u00efda, d\u2019un cervell, una m\u00e0, uns cromosomes&#8230;<\/p>\n<p>En conclusi\u00f3, volem transmetre el missatge per aconseguir un m\u00f3n, des d\u2019una visi\u00f3 que ens permeti obrir la mirada a tothom.<\/p>\n<p>Finalment, acompanyem aquesta bandera amb tres \u00e0udios descrivint en quatre idiomes (catal\u00e0, castell\u00e0, angl\u00e8s i llenguatge de signes) el que hem apr\u00e8s.<\/p>\n<p>Estem molt contents\/es de la feina feta! Podreu veure les imatges i un v\u00eddeo en llenguatge de signes, descrivint la bandera, en el seg\u00fcent <a href=\"https:\/\/photos.app.goo.gl\/wU2srWtpRYDNMgXg9\">enlla\u00e7<\/a>.<\/p>\n<p>&nbsp;<\/p>\n","protected":false},"excerpt":{"rendered":"<p>Aquest curs ens hem presentat al concurs de l&#8217;ONCE, una mirada per a tothom.<br \/>\nUs presentem la nostra bandera \u201cEl Yin i el Yang, l\u2019ull de la igualtat\u201d.\u00a0 Gr\u00e0cies al blanc i al negre representem el Yin i el Yang, que ens ensenya que tot t\u00e9&hellip;  <a href=\"https:\/\/agora.xtec.cat\/zer-pedrera\/general\/36e-concurs-de-lonce-upon-a-time\/\" title=\"Read 36\u00e8 concurs de l&#8217;ONCE upon a time\">Llegeix m\u00e9s\u00bb<\/a><\/p>\n","protected":false},"author":1,"featured_media":2420,"comment_status":"open","ping_status":"closed","sticky":false,"template":"","format":"standard","meta":{"_bbp_topic_count":0,"_bbp_reply_count":0,"_bbp_total_topic_count":0,"_bbp_total_reply_count":0,"_bbp_voice_count":0,"_bbp_anonymous_reply_count":0,"_bbp_topic_count_hidden":0,"_bbp_reply_count_hidden":0,"_bbp_forum_subforum_count":0,"footnotes":""},"categories":[111,1,29,89,121,122],"tags":[],"class_list":["post-2419","post","type-post","status-publish","format-standard","has-post-thumbnail","hentry","category-escola-porcel-de-cervera","category-general","category-portada","category-primaria","category-religio","category-valors"],"post_mailing_queue_ids":[],"_links":{"self":[{"href":"https:\/\/agora.xtec.cat\/zer-pedrera\/wp-json\/wp\/v2\/posts\/2419","targetHints":{"allow":["GET"]}}],"collection":[{"href":"https:\/\/agora.xtec.cat\/zer-pedrera\/wp-json\/wp\/v2\/posts"}],"about":[{"href":"https:\/\/agora.xtec.cat\/zer-pedrera\/wp-json\/wp\/v2\/types\/post"}],"author":[{"embeddable":true,"href":"https:\/\/agora.xtec.cat\/zer-pedrera\/wp-json\/wp\/v2\/users\/1"}],"replies":[{"embeddable":true,"href":"https:\/\/agora.xtec.cat\/zer-pedrera\/wp-json\/wp\/v2\/comments?post=2419"}],"version-history":[{"count":1,"href":"https:\/\/agora.xtec.cat\/zer-pedrera\/wp-json\/wp\/v2\/posts\/2419\/revisions"}],"predecessor-version":[{"id":2445,"href":"https:\/\/agora.xtec.cat\/zer-pedrera\/wp-json\/wp\/v2\/posts\/2419\/revisions\/2445"}],"wp:featuredmedia":[{"embeddable":true,"href":"https:\/\/agora.xtec.cat\/zer-pedrera\/wp-json\/wp\/v2\/media\/2420"}],"wp:attachment":[{"href":"https:\/\/agora.xtec.cat\/zer-pedrera\/wp-json\/wp\/v2\/media?parent=2419"}],"wp:term":[{"taxonomy":"category","embeddable":true,"href":"https:\/\/agora.xtec.cat\/zer-pedrera\/wp-json\/wp\/v2\/categories?post=2419"},{"taxonomy":"post_tag","embeddable":true,"href":"https:\/\/agora.xtec.cat\/zer-pedrera\/wp-json\/wp\/v2\/tags?post=2419"}],"curies":[{"name":"wp","href":"https:\/\/api.w.org\/{rel}","templated":true}]}}