{"id":2393,"date":"2019-12-18T17:44:50","date_gmt":"2019-12-18T16:44:50","guid":{"rendered":"http:\/\/agora.xtec.cat\/zer-pedrera\/?p=2393"},"modified":"2020-01-08T17:41:41","modified_gmt":"2020-01-08T16:41:41","slug":"projecte-ibers","status":"publish","type":"post","link":"https:\/\/agora.xtec.cat\/zer-pedrera\/general\/projecte-ibers\/","title":{"rendered":"PROJECTE &#8220;IBERS&#8221;"},"content":{"rendered":"<p>Molt agra\u00efts de la visita dels nostres pares i mares a l&#8217;escola. Ens ha agradat molt explicar-vos el que hem apr\u00e8s dels ibers. Ha estat una presentaci\u00f3 molt interessant per a nosaltres. Hem pogut exposar-nos als nervis i millorar la nostra expressi\u00f3 oral.<\/p>\n<p>Moltes gr\u00e0cies.<\/p>\n<p>Nens i nenes de Cicle Mitj\u00e0 i Superior de Porcel de Cervera<\/p>\n<p>Podeu veure algunes fotos del projecte, en el seg\u00fcent <a href=\"https:\/\/photos.app.goo.gl\/CH976wm67fnNHAWu9\">enlla\u00e7<\/a>.<\/p>\n","protected":false},"excerpt":{"rendered":"<p>Molt agra\u00efts de la visita dels nostres pares i mares a l&#8217;escola. Ens ha agradat molt explicar-vos el que hem apr\u00e8s dels ibers. Ha estat una presentaci\u00f3 molt interessant per a nosaltres. Hem pogut exposar-nos als nervis i millorar la nostra expressi\u00f3 oral.<br \/>\nMoltes gr\u00e0cies.<br \/>\nNens i&hellip;  <a href=\"https:\/\/agora.xtec.cat\/zer-pedrera\/general\/projecte-ibers\/\" title=\"Read PROJECTE &#8220;IBERS&#8221;\">Llegeix m\u00e9s\u00bb<\/a><\/p>\n","protected":false},"author":1,"featured_media":2398,"comment_status":"open","ping_status":"closed","sticky":false,"template":"","format":"standard","meta":{"_bbp_topic_count":0,"_bbp_reply_count":0,"_bbp_total_topic_count":0,"_bbp_total_reply_count":0,"_bbp_voice_count":0,"_bbp_anonymous_reply_count":0,"_bbp_topic_count_hidden":0,"_bbp_reply_count_hidden":0,"_bbp_forum_subforum_count":0,"footnotes":""},"categories":[111,1,116,29,89,120],"tags":[],"class_list":["post-2393","post","type-post","status-publish","format-standard","has-post-thumbnail","hentry","category-escola-porcel-de-cervera","category-general","category-medi","category-portada","category-primaria","category-projectes"],"post_mailing_queue_ids":[],"_links":{"self":[{"href":"https:\/\/agora.xtec.cat\/zer-pedrera\/wp-json\/wp\/v2\/posts\/2393","targetHints":{"allow":["GET"]}}],"collection":[{"href":"https:\/\/agora.xtec.cat\/zer-pedrera\/wp-json\/wp\/v2\/posts"}],"about":[{"href":"https:\/\/agora.xtec.cat\/zer-pedrera\/wp-json\/wp\/v2\/types\/post"}],"author":[{"embeddable":true,"href":"https:\/\/agora.xtec.cat\/zer-pedrera\/wp-json\/wp\/v2\/users\/1"}],"replies":[{"embeddable":true,"href":"https:\/\/agora.xtec.cat\/zer-pedrera\/wp-json\/wp\/v2\/comments?post=2393"}],"version-history":[{"count":3,"href":"https:\/\/agora.xtec.cat\/zer-pedrera\/wp-json\/wp\/v2\/posts\/2393\/revisions"}],"predecessor-version":[{"id":2416,"href":"https:\/\/agora.xtec.cat\/zer-pedrera\/wp-json\/wp\/v2\/posts\/2393\/revisions\/2416"}],"wp:featuredmedia":[{"embeddable":true,"href":"https:\/\/agora.xtec.cat\/zer-pedrera\/wp-json\/wp\/v2\/media\/2398"}],"wp:attachment":[{"href":"https:\/\/agora.xtec.cat\/zer-pedrera\/wp-json\/wp\/v2\/media?parent=2393"}],"wp:term":[{"taxonomy":"category","embeddable":true,"href":"https:\/\/agora.xtec.cat\/zer-pedrera\/wp-json\/wp\/v2\/categories?post=2393"},{"taxonomy":"post_tag","embeddable":true,"href":"https:\/\/agora.xtec.cat\/zer-pedrera\/wp-json\/wp\/v2\/tags?post=2393"}],"curies":[{"name":"wp","href":"https:\/\/api.w.org\/{rel}","templated":true}]}}