{"id":2372,"date":"2019-12-11T10:22:16","date_gmt":"2019-12-11T09:22:16","guid":{"rendered":"http:\/\/agora.xtec.cat\/zer-pedrera\/?p=2372"},"modified":"2020-01-08T17:42:44","modified_gmt":"2020-01-08T16:42:44","slug":"comenca-el-compte-enrere","status":"publish","type":"post","link":"https:\/\/agora.xtec.cat\/zer-pedrera\/general\/comenca-el-compte-enrere\/","title":{"rendered":"COMEN\u00c7A EL COMPTE ENRERE!"},"content":{"rendered":"<p>La setmana passada vam comen\u00e7ar el compte enrere per a les vacances de Nadal. Quina il\u00b7lusi\u00f3 contar els dies d&#8217;aquesta manera! \u00c9s tot una dol\u00e7a sorpresa, perqu\u00e8 cada dia n&#8217;\u00e9s una persona diferent la protagonista.<\/p>\n<p>Podeu trobar m\u00e9s fotos, clicant\u00a0<a href=\"https:\/\/photos.app.goo.gl\/CLi72gNhbsUXJoGu6\">aqu\u00ed<\/a>.<\/p>\n<p>&nbsp;<\/p>\n","protected":false},"excerpt":{"rendered":"<p>La setmana passada vam comen\u00e7ar el compte enrere per a les vacances de Nadal. Quina il\u00b7lusi\u00f3 contar els dies d&#8217;aquesta manera! \u00c9s tot una dol\u00e7a sorpresa, perqu\u00e8 cada dia n&#8217;\u00e9s una persona diferent la protagonista.<br \/>\nPodeu trobar m\u00e9s fotos, clicant\u00a0<a href=\"https:\/\/photos.app.goo.gl\/CLi72gNhbsUXJoGu6\">aqu\u00ed<\/a>.<br \/>\n&nbsp;<\/p>\n","protected":false},"author":1,"featured_media":2374,"comment_status":"open","ping_status":"closed","sticky":false,"template":"","format":"standard","meta":{"_bbp_topic_count":0,"_bbp_reply_count":0,"_bbp_total_topic_count":0,"_bbp_total_reply_count":0,"_bbp_voice_count":0,"_bbp_anonymous_reply_count":0,"_bbp_topic_count_hidden":0,"_bbp_reply_count_hidden":0,"_bbp_forum_subforum_count":0,"footnotes":""},"categories":[113,111,1,29,89],"tags":[],"class_list":["post-2372","post","type-post","status-publish","format-standard","has-post-thumbnail","hentry","category-e-infantil","category-escola-porcel-de-cervera","category-general","category-portada","category-primaria"],"post_mailing_queue_ids":[],"_links":{"self":[{"href":"https:\/\/agora.xtec.cat\/zer-pedrera\/wp-json\/wp\/v2\/posts\/2372","targetHints":{"allow":["GET"]}}],"collection":[{"href":"https:\/\/agora.xtec.cat\/zer-pedrera\/wp-json\/wp\/v2\/posts"}],"about":[{"href":"https:\/\/agora.xtec.cat\/zer-pedrera\/wp-json\/wp\/v2\/types\/post"}],"author":[{"embeddable":true,"href":"https:\/\/agora.xtec.cat\/zer-pedrera\/wp-json\/wp\/v2\/users\/1"}],"replies":[{"embeddable":true,"href":"https:\/\/agora.xtec.cat\/zer-pedrera\/wp-json\/wp\/v2\/comments?post=2372"}],"version-history":[{"count":3,"href":"https:\/\/agora.xtec.cat\/zer-pedrera\/wp-json\/wp\/v2\/posts\/2372\/revisions"}],"predecessor-version":[{"id":2417,"href":"https:\/\/agora.xtec.cat\/zer-pedrera\/wp-json\/wp\/v2\/posts\/2372\/revisions\/2417"}],"wp:featuredmedia":[{"embeddable":true,"href":"https:\/\/agora.xtec.cat\/zer-pedrera\/wp-json\/wp\/v2\/media\/2374"}],"wp:attachment":[{"href":"https:\/\/agora.xtec.cat\/zer-pedrera\/wp-json\/wp\/v2\/media?parent=2372"}],"wp:term":[{"taxonomy":"category","embeddable":true,"href":"https:\/\/agora.xtec.cat\/zer-pedrera\/wp-json\/wp\/v2\/categories?post=2372"},{"taxonomy":"post_tag","embeddable":true,"href":"https:\/\/agora.xtec.cat\/zer-pedrera\/wp-json\/wp\/v2\/tags?post=2372"}],"curies":[{"name":"wp","href":"https:\/\/api.w.org\/{rel}","templated":true}]}}