{"id":2369,"date":"2019-12-10T16:49:10","date_gmt":"2019-12-10T15:49:10","guid":{"rendered":"http:\/\/agora.xtec.cat\/zer-pedrera\/?p=2369"},"modified":"2019-12-10T16:49:10","modified_gmt":"2019-12-10T15:49:10","slug":"anem-a-buscar-el-tio","status":"publish","type":"post","link":"https:\/\/agora.xtec.cat\/zer-pedrera\/general\/anem-a-buscar-el-tio\/","title":{"rendered":"ANEM A BUSCAR EL TI\u00d3!"},"content":{"rendered":"<p>I quin fart d&#8217;esperar!!!<\/p>\n<p>Preocupats, despr\u00e9s d&#8217;uns dies de boira, pluja i vent, hem decidit sortir de l&#8217;escola per tal de buscar el nostre Ti\u00f3.<\/p>\n<p>I, s\u00ed! L&#8217;hem trobat, ben desorientat! Portava una carta on ens explicava els motius pels quals no ha fet cap a la nostra escola i tamb\u00e9 un conte molt interessant sobre els or\u00edgens del Ti\u00f3 que, afablement, ens han explicat les senyoretes a la Sala.<\/p>\n<p>Ara, sortosament, s&#8217;est\u00e0 recuperant d&#8217;aquestes \u00faltimes nits a la intemp\u00e8rie, ben calent\u00f3 al costat d&#8217;un radiador, abrigadet amb una manta, acompanyat de les il\u00b7lusions que a tots nosaltres ens ha despertat i, sobretot, amb un gran plat de mandarines, pl\u00e0tans, galetes i altres queviures que nenes i nens amb alegria li dipositen amb l&#8217;esperan\u00e7a que esdevingui l&#8217;energia que necessitar\u00e0 per aguantar els cops de bast\u00f3 necessaris per a cagar-nos for\u00e7a coses.<\/p>\n<p><a href=\"https:\/\/agora.xtec.cat\/zer-pedrera\/wp-content\/uploads\/usu1473\/2019\/12\/20191210_1124100_111.jpg\"><br \/>\n<img loading=\"lazy\" decoding=\"async\" class=\"aligncenter size-medium wp-image-2370\" src=\"https:\/\/agora.xtec.cat\/zer-pedrera\/wp-content\/uploads\/usu1473\/2019\/12\/20191210_1124100_111-300x225.jpg\" alt=\"\" width=\"300\" height=\"225\" srcset=\"https:\/\/agora.xtec.cat\/zer-pedrera\/wp-content\/uploads\/usu1473\/2019\/12\/20191210_1124100_111-300x225.jpg 300w, https:\/\/agora.xtec.cat\/zer-pedrera\/wp-content\/uploads\/usu1473\/2019\/12\/20191210_1124100_111-768x576.jpg 768w, https:\/\/agora.xtec.cat\/zer-pedrera\/wp-content\/uploads\/usu1473\/2019\/12\/20191210_1124100_111-1024x768.jpg 1024w, https:\/\/agora.xtec.cat\/zer-pedrera\/wp-content\/uploads\/usu1473\/2019\/12\/20191210_1124100_111-200x150.jpg 200w, https:\/\/agora.xtec.cat\/zer-pedrera\/wp-content\/uploads\/usu1473\/2019\/12\/20191210_1124100_111.jpg 2016w\" sizes=\"auto, (max-width: 300px) 100vw, 300px\" \/><\/a><\/p>\n<p>&nbsp;<\/p>\n<p>Totes les fotos clicant <a href=\"https:\/\/photos.app.goo.gl\/VXF3e1AUUocLdF5U7\" target=\"_blank\" rel=\"noopener noreferrer\">AQU\u00cd<\/a><\/p>\n","protected":false},"excerpt":{"rendered":"<p>I quin fart d&#8217;esperar!!!<br \/>\nPreocupats, despr\u00e9s d&#8217;uns dies de boira, pluja i vent, hem decidit sortir de l&#8217;escola per tal de buscar el nostre Ti\u00f3.<br \/>\nI, s\u00ed! L&#8217;hem trobat, ben desorientat! Portava una carta on ens explicava els motius pels quals no ha fet cap a la&hellip;  <a href=\"https:\/\/agora.xtec.cat\/zer-pedrera\/general\/anem-a-buscar-el-tio\/\" title=\"Read ANEM A BUSCAR EL TI\u00d3!\">Llegeix m\u00e9s\u00bb<\/a><\/p>\n","protected":false},"author":1,"featured_media":2370,"comment_status":"open","ping_status":"closed","sticky":false,"template":"","format":"standard","meta":{"_bbp_topic_count":0,"_bbp_reply_count":0,"_bbp_total_topic_count":0,"_bbp_total_reply_count":0,"_bbp_voice_count":0,"_bbp_anonymous_reply_count":0,"_bbp_topic_count_hidden":0,"_bbp_reply_count_hidden":0,"_bbp_forum_subforum_count":0,"footnotes":""},"categories":[113,110,1,29,89],"tags":[],"class_list":["post-2369","post","type-post","status-publish","format-standard","has-post-thumbnail","hentry","category-e-infantil","category-escola-abat-ruera","category-general","category-portada","category-primaria"],"post_mailing_queue_ids":[],"_links":{"self":[{"href":"https:\/\/agora.xtec.cat\/zer-pedrera\/wp-json\/wp\/v2\/posts\/2369","targetHints":{"allow":["GET"]}}],"collection":[{"href":"https:\/\/agora.xtec.cat\/zer-pedrera\/wp-json\/wp\/v2\/posts"}],"about":[{"href":"https:\/\/agora.xtec.cat\/zer-pedrera\/wp-json\/wp\/v2\/types\/post"}],"author":[{"embeddable":true,"href":"https:\/\/agora.xtec.cat\/zer-pedrera\/wp-json\/wp\/v2\/users\/1"}],"replies":[{"embeddable":true,"href":"https:\/\/agora.xtec.cat\/zer-pedrera\/wp-json\/wp\/v2\/comments?post=2369"}],"version-history":[{"count":1,"href":"https:\/\/agora.xtec.cat\/zer-pedrera\/wp-json\/wp\/v2\/posts\/2369\/revisions"}],"predecessor-version":[{"id":2371,"href":"https:\/\/agora.xtec.cat\/zer-pedrera\/wp-json\/wp\/v2\/posts\/2369\/revisions\/2371"}],"wp:featuredmedia":[{"embeddable":true,"href":"https:\/\/agora.xtec.cat\/zer-pedrera\/wp-json\/wp\/v2\/media\/2370"}],"wp:attachment":[{"href":"https:\/\/agora.xtec.cat\/zer-pedrera\/wp-json\/wp\/v2\/media?parent=2369"}],"wp:term":[{"taxonomy":"category","embeddable":true,"href":"https:\/\/agora.xtec.cat\/zer-pedrera\/wp-json\/wp\/v2\/categories?post=2369"},{"taxonomy":"post_tag","embeddable":true,"href":"https:\/\/agora.xtec.cat\/zer-pedrera\/wp-json\/wp\/v2\/tags?post=2369"}],"curies":[{"name":"wp","href":"https:\/\/api.w.org\/{rel}","templated":true}]}}