{"id":2347,"date":"2019-11-06T10:51:04","date_gmt":"2019-11-06T09:51:04","guid":{"rendered":"http:\/\/agora.xtec.cat\/zer-pedrera\/?p=2347"},"modified":"2019-11-13T12:45:37","modified_gmt":"2019-11-13T11:45:37","slug":"trobada-de-castanyada-de-la-zer-pedrera","status":"publish","type":"post","link":"https:\/\/agora.xtec.cat\/zer-pedrera\/general\/trobada-de-castanyada-de-la-zer-pedrera\/","title":{"rendered":"TROBADA DE CASTANYADA DE LA ZER PEDRERA"},"content":{"rendered":"<p>El passat 31 d&#8217;octubre es va celebrar la TROBADA DE CASTANYADA de la ZER Pedrera a l&#8217;escola Porcel de Cervera de l&#8217;Espluga Calba.<br \/>\nAlumnes i mestres v\u00e0rem poder gaudir d&#8217;una aut\u00e8ntica jornada de germanor, compartint jocs i danses. L&#8217;AMPA del Porcel de Cervera, a la qui donem les gr\u00e0cies, va col\u00b7laborar espl\u00e8ndidament torrant les gustoses Castanyes que vam poder assaborir i fins i tot endur-nos dins d&#8217;una paperina degudament decorada amb una castanyera.<br \/>\nEns ho vam passar d&#8217;all\u00f2 m\u00e9s b\u00e9!!!<\/p>\n<p><a href=\"https:\/\/agora.xtec.cat\/zer-pedrera\/wp-content\/uploads\/usu1473\/2019\/11\/Img_3519-1.jpg\"><img loading=\"lazy\" decoding=\"async\" src=\"https:\/\/agora.xtec.cat\/zer-pedrera\/wp-content\/uploads\/usu1473\/2019\/11\/Img_3519-1-300x113.jpg\" alt=\"\" width=\"300\" height=\"113\" class=\"aligncenter size-medium wp-image-2350\" srcset=\"https:\/\/agora.xtec.cat\/zer-pedrera\/wp-content\/uploads\/usu1473\/2019\/11\/Img_3519-1-300x113.jpg 300w, https:\/\/agora.xtec.cat\/zer-pedrera\/wp-content\/uploads\/usu1473\/2019\/11\/Img_3519-1-768x290.jpg 768w, https:\/\/agora.xtec.cat\/zer-pedrera\/wp-content\/uploads\/usu1473\/2019\/11\/Img_3519-1-1024x386.jpg 1024w\" sizes=\"auto, (max-width: 300px) 100vw, 300px\" \/><\/a><\/p>\n<p>Moltes m\u00e9s fotos i v\u00eddeos clicant <a href=\"https:\/\/photos.app.goo.gl\/JQ4jNyHwRLWrG7199\" rel=\"noopener noreferrer\" target=\"_blank\">AQU\u00cd<\/a>.<\/p>\n","protected":false},"excerpt":{"rendered":"<p>El passat 31 d&#8217;octubre es va celebrar la TROBADA DE CASTANYADA de la ZER Pedrera a l&#8217;escola Porcel de Cervera de l&#8217;Espluga Calba.<br \/>\nAlumnes i mestres v\u00e0rem poder gaudir d&#8217;una aut\u00e8ntica jornada de germanor, compartint jocs i danses. L&#8217;AMPA del Porcel de Cervera, a la qui&hellip;  <a href=\"https:\/\/agora.xtec.cat\/zer-pedrera\/general\/trobada-de-castanyada-de-la-zer-pedrera\/\" title=\"Read TROBADA DE CASTANYADA DE LA ZER PEDRERA\">Llegeix m\u00e9s\u00bb<\/a><\/p>\n","protected":false},"author":1,"featured_media":2350,"comment_status":"open","ping_status":"closed","sticky":false,"template":"","format":"standard","meta":{"_bbp_topic_count":0,"_bbp_reply_count":0,"_bbp_total_topic_count":0,"_bbp_total_reply_count":0,"_bbp_voice_count":0,"_bbp_anonymous_reply_count":0,"_bbp_topic_count_hidden":0,"_bbp_reply_count_hidden":0,"_bbp_forum_subforum_count":0,"footnotes":""},"categories":[110,111,1,29],"tags":[],"class_list":["post-2347","post","type-post","status-publish","format-standard","has-post-thumbnail","hentry","category-escola-abat-ruera","category-escola-porcel-de-cervera","category-general","category-portada"],"post_mailing_queue_ids":[],"_links":{"self":[{"href":"https:\/\/agora.xtec.cat\/zer-pedrera\/wp-json\/wp\/v2\/posts\/2347","targetHints":{"allow":["GET"]}}],"collection":[{"href":"https:\/\/agora.xtec.cat\/zer-pedrera\/wp-json\/wp\/v2\/posts"}],"about":[{"href":"https:\/\/agora.xtec.cat\/zer-pedrera\/wp-json\/wp\/v2\/types\/post"}],"author":[{"embeddable":true,"href":"https:\/\/agora.xtec.cat\/zer-pedrera\/wp-json\/wp\/v2\/users\/1"}],"replies":[{"embeddable":true,"href":"https:\/\/agora.xtec.cat\/zer-pedrera\/wp-json\/wp\/v2\/comments?post=2347"}],"version-history":[{"count":3,"href":"https:\/\/agora.xtec.cat\/zer-pedrera\/wp-json\/wp\/v2\/posts\/2347\/revisions"}],"predecessor-version":[{"id":2352,"href":"https:\/\/agora.xtec.cat\/zer-pedrera\/wp-json\/wp\/v2\/posts\/2347\/revisions\/2352"}],"wp:featuredmedia":[{"embeddable":true,"href":"https:\/\/agora.xtec.cat\/zer-pedrera\/wp-json\/wp\/v2\/media\/2350"}],"wp:attachment":[{"href":"https:\/\/agora.xtec.cat\/zer-pedrera\/wp-json\/wp\/v2\/media?parent=2347"}],"wp:term":[{"taxonomy":"category","embeddable":true,"href":"https:\/\/agora.xtec.cat\/zer-pedrera\/wp-json\/wp\/v2\/categories?post=2347"},{"taxonomy":"post_tag","embeddable":true,"href":"https:\/\/agora.xtec.cat\/zer-pedrera\/wp-json\/wp\/v2\/tags?post=2347"}],"curies":[{"name":"wp","href":"https:\/\/api.w.org\/{rel}","templated":true}]}}