{"id":2340,"date":"2019-10-03T10:10:56","date_gmt":"2019-10-03T08:10:56","guid":{"rendered":"http:\/\/agora.xtec.cat\/zer-pedrera\/?p=2340"},"modified":"2019-11-08T10:21:06","modified_gmt":"2019-11-08T09:21:06","slug":"observem-caragols-i-fruits-de-la-tardor","status":"publish","type":"post","link":"https:\/\/agora.xtec.cat\/zer-pedrera\/general\/observem-caragols-i-fruits-de-la-tardor\/","title":{"rendered":"OBSERVEM CARAGOLS I FRUITS DE LA TARDOR"},"content":{"rendered":"<p>Les nenes i els nens de la Llar d&#8217;Infants s\u00f3n la &#8220;Classe dels Caragols&#8221; i per aix\u00f2 tots els cicles d&#8217;Educaci\u00f3 Infantil hem volgut observar-los de m\u00e9s a prop: com s\u00f3n, com es desplacen, qu\u00e8 mengen&#8230;<\/p>\n<p>Ens ha agradat molt veure com amagaven i treien les banyes!<\/p>\n<p>Hem jugat amb ells i ens n&#8217;hem emportat un cap a casa.<\/p>\n<p>Tamb\u00e9 hem observat i manipulat fruits de la tardor, aprenent nous noms.<\/p>\n<p><a href=\"https:\/\/agora.xtec.cat\/zer-pedrera\/wp-content\/uploads\/usu1473\/2019\/11\/20191003_102116.jpg\"><img loading=\"lazy\" decoding=\"async\" class=\"aligncenter size-medium wp-image-2341\" src=\"https:\/\/agora.xtec.cat\/zer-pedrera\/wp-content\/uploads\/usu1473\/2019\/11\/20191003_102116-300x225.jpg\" alt=\"\" width=\"300\" height=\"225\" srcset=\"https:\/\/agora.xtec.cat\/zer-pedrera\/wp-content\/uploads\/usu1473\/2019\/11\/20191003_102116-300x225.jpg 300w, https:\/\/agora.xtec.cat\/zer-pedrera\/wp-content\/uploads\/usu1473\/2019\/11\/20191003_102116-768x576.jpg 768w, https:\/\/agora.xtec.cat\/zer-pedrera\/wp-content\/uploads\/usu1473\/2019\/11\/20191003_102116-1024x768.jpg 1024w, https:\/\/agora.xtec.cat\/zer-pedrera\/wp-content\/uploads\/usu1473\/2019\/11\/20191003_102116-200x150.jpg 200w\" sizes=\"auto, (max-width: 300px) 100vw, 300px\" \/><\/a><\/p>\n<p>&nbsp;<\/p>\n<p>REPORTATGE FOTOGR\u00c0FIC COMPLET CLICANT<a href=\"https:\/\/photos.app.goo.gl\/PvpH4HonL9UbSrer7\" rel=\"noopener noreferrer\" target=\"_blank\"> AQU\u00cd<\/a>.<\/p>\n","protected":false},"excerpt":{"rendered":"<p>Les nenes i els nens de la Llar d&#8217;Infants s\u00f3n la &#8220;Classe dels Caragols&#8221; i per aix\u00f2 tots els cicles d&#8217;Educaci\u00f3 Infantil hem volgut observar-los de m\u00e9s a prop: com s\u00f3n, com es desplacen, qu\u00e8 mengen&#8230;<br \/>\nEns ha agradat molt veure com amagaven i treien les&hellip;  <a href=\"https:\/\/agora.xtec.cat\/zer-pedrera\/general\/observem-caragols-i-fruits-de-la-tardor\/\" title=\"Read OBSERVEM CARAGOLS I FRUITS DE LA TARDOR\">Llegeix m\u00e9s\u00bb<\/a><\/p>\n","protected":false},"author":1,"featured_media":2341,"comment_status":"open","ping_status":"closed","sticky":false,"template":"","format":"standard","meta":{"_bbp_topic_count":0,"_bbp_reply_count":0,"_bbp_total_topic_count":0,"_bbp_total_reply_count":0,"_bbp_voice_count":0,"_bbp_anonymous_reply_count":0,"_bbp_topic_count_hidden":0,"_bbp_reply_count_hidden":0,"_bbp_forum_subforum_count":0,"footnotes":""},"categories":[113,110,1,29],"tags":[],"class_list":["post-2340","post","type-post","status-publish","format-standard","has-post-thumbnail","hentry","category-e-infantil","category-escola-abat-ruera","category-general","category-portada"],"post_mailing_queue_ids":[],"_links":{"self":[{"href":"https:\/\/agora.xtec.cat\/zer-pedrera\/wp-json\/wp\/v2\/posts\/2340","targetHints":{"allow":["GET"]}}],"collection":[{"href":"https:\/\/agora.xtec.cat\/zer-pedrera\/wp-json\/wp\/v2\/posts"}],"about":[{"href":"https:\/\/agora.xtec.cat\/zer-pedrera\/wp-json\/wp\/v2\/types\/post"}],"author":[{"embeddable":true,"href":"https:\/\/agora.xtec.cat\/zer-pedrera\/wp-json\/wp\/v2\/users\/1"}],"replies":[{"embeddable":true,"href":"https:\/\/agora.xtec.cat\/zer-pedrera\/wp-json\/wp\/v2\/comments?post=2340"}],"version-history":[{"count":1,"href":"https:\/\/agora.xtec.cat\/zer-pedrera\/wp-json\/wp\/v2\/posts\/2340\/revisions"}],"predecessor-version":[{"id":2342,"href":"https:\/\/agora.xtec.cat\/zer-pedrera\/wp-json\/wp\/v2\/posts\/2340\/revisions\/2342"}],"wp:featuredmedia":[{"embeddable":true,"href":"https:\/\/agora.xtec.cat\/zer-pedrera\/wp-json\/wp\/v2\/media\/2341"}],"wp:attachment":[{"href":"https:\/\/agora.xtec.cat\/zer-pedrera\/wp-json\/wp\/v2\/media?parent=2340"}],"wp:term":[{"taxonomy":"category","embeddable":true,"href":"https:\/\/agora.xtec.cat\/zer-pedrera\/wp-json\/wp\/v2\/categories?post=2340"},{"taxonomy":"post_tag","embeddable":true,"href":"https:\/\/agora.xtec.cat\/zer-pedrera\/wp-json\/wp\/v2\/tags?post=2340"}],"curies":[{"name":"wp","href":"https:\/\/api.w.org\/{rel}","templated":true}]}}