{"id":2334,"date":"2019-09-23T09:40:40","date_gmt":"2019-09-23T07:40:40","guid":{"rendered":"http:\/\/agora.xtec.cat\/zer-pedrera\/?p=2334"},"modified":"2019-11-08T10:39:30","modified_gmt":"2019-11-08T09:39:30","slug":"la-tortuga-del-gerard-i-lona","status":"publish","type":"post","link":"https:\/\/agora.xtec.cat\/zer-pedrera\/general\/la-tortuga-del-gerard-i-lona\/","title":{"rendered":"LA TORTUGA DEL GERARD I L&#8217;ONA"},"content":{"rendered":"<p>De nou, enguany, realitzem activitats conjuntes els dos cicles d&#8217;Educaci\u00f3 Infantil (Llar d&#8217;Infants i Parvulari) i, donat que els m\u00e9s grans s\u00f3n la &#8220;classe de les tortugues&#8221;, les hem iniciat amb la descoberta de&#8230; LA TORTUGA. Tamb\u00e9 hi era el Cicle Inicial.<br \/>\nEl Gerard ens ha explicat moltes coses: com neix, on viu, qu\u00e8 menja&#8230; Ho ha fet molt b\u00e9!!!<br \/>\nEns ha agradat molt poder observar com camina, com menja i com esgarrapa quan l&#8217;agafem!!!<br \/>\nHa estat una experi\u00e8ncia molt interessant!!!<\/p>\n<p style=\"text-align: center;\"><a href=\"https:\/\/agora.xtec.cat\/zer-pedrera\/wp-content\/uploads\/usu1473\/2019\/11\/tortuga.jpg\"><img loading=\"lazy\" decoding=\"async\" class=\"aligncenter size-thumbnail wp-image-2335\" src=\"https:\/\/agora.xtec.cat\/zer-pedrera\/wp-content\/uploads\/usu1473\/2019\/11\/tortuga-150x150.jpg\" alt=\"\" width=\"150\" height=\"150\" \/><\/a><br \/>\nClica sobre la imatge per tal de poder observar millor la tortuga<\/p>\n<p>REPORTATGE FOTOGR\u00c0FIC COMPLET CLICANT <a href=\"https:\/\/photos.app.goo.gl\/Te2WFTF9Nwx9ScpJ9\" target=\"_blank\" rel=\"noopener noreferrer\">AQU\u00cd<\/a><\/p>\n","protected":false},"excerpt":{"rendered":"<p>De nou, enguany, realitzem activitats conjuntes els dos cicles d&#8217;Educaci\u00f3 Infantil (Llar d&#8217;Infants i Parvulari) i, donat que els m\u00e9s grans s\u00f3n la &#8220;classe de les tortugues&#8221;, les hem iniciat amb la descoberta de&#8230; LA TORTUGA. Tamb\u00e9 hi era el Cicle Inicial.<br \/>\nEl Gerard ens ha&hellip;  <a href=\"https:\/\/agora.xtec.cat\/zer-pedrera\/general\/la-tortuga-del-gerard-i-lona\/\" title=\"Read LA TORTUGA DEL GERARD I L&#8217;ONA\">Llegeix m\u00e9s\u00bb<\/a><\/p>\n","protected":false},"author":1,"featured_media":2335,"comment_status":"open","ping_status":"closed","sticky":false,"template":"","format":"standard","meta":{"_bbp_topic_count":0,"_bbp_reply_count":0,"_bbp_total_topic_count":0,"_bbp_total_reply_count":0,"_bbp_voice_count":0,"_bbp_anonymous_reply_count":0,"_bbp_topic_count_hidden":0,"_bbp_reply_count_hidden":0,"_bbp_forum_subforum_count":0,"footnotes":""},"categories":[113,110,1,29,89],"tags":[],"class_list":["post-2334","post","type-post","status-publish","format-standard","has-post-thumbnail","hentry","category-e-infantil","category-escola-abat-ruera","category-general","category-portada","category-primaria"],"post_mailing_queue_ids":[],"_links":{"self":[{"href":"https:\/\/agora.xtec.cat\/zer-pedrera\/wp-json\/wp\/v2\/posts\/2334","targetHints":{"allow":["GET"]}}],"collection":[{"href":"https:\/\/agora.xtec.cat\/zer-pedrera\/wp-json\/wp\/v2\/posts"}],"about":[{"href":"https:\/\/agora.xtec.cat\/zer-pedrera\/wp-json\/wp\/v2\/types\/post"}],"author":[{"embeddable":true,"href":"https:\/\/agora.xtec.cat\/zer-pedrera\/wp-json\/wp\/v2\/users\/1"}],"replies":[{"embeddable":true,"href":"https:\/\/agora.xtec.cat\/zer-pedrera\/wp-json\/wp\/v2\/comments?post=2334"}],"version-history":[{"count":3,"href":"https:\/\/agora.xtec.cat\/zer-pedrera\/wp-json\/wp\/v2\/posts\/2334\/revisions"}],"predecessor-version":[{"id":2339,"href":"https:\/\/agora.xtec.cat\/zer-pedrera\/wp-json\/wp\/v2\/posts\/2334\/revisions\/2339"}],"wp:featuredmedia":[{"embeddable":true,"href":"https:\/\/agora.xtec.cat\/zer-pedrera\/wp-json\/wp\/v2\/media\/2335"}],"wp:attachment":[{"href":"https:\/\/agora.xtec.cat\/zer-pedrera\/wp-json\/wp\/v2\/media?parent=2334"}],"wp:term":[{"taxonomy":"category","embeddable":true,"href":"https:\/\/agora.xtec.cat\/zer-pedrera\/wp-json\/wp\/v2\/categories?post=2334"},{"taxonomy":"post_tag","embeddable":true,"href":"https:\/\/agora.xtec.cat\/zer-pedrera\/wp-json\/wp\/v2\/tags?post=2334"}],"curies":[{"name":"wp","href":"https:\/\/api.w.org\/{rel}","templated":true}]}}