{"id":2327,"date":"2019-11-05T12:14:38","date_gmt":"2019-11-05T11:14:38","guid":{"rendered":"http:\/\/agora.xtec.cat\/zer-pedrera\/?p=2327"},"modified":"2019-11-05T12:40:00","modified_gmt":"2019-11-05T11:40:00","slug":"projecte-3-erres-a-cicle-mitja-i-cicle-superior-de-lescola-abat-ruera","status":"publish","type":"post","link":"https:\/\/agora.xtec.cat\/zer-pedrera\/general\/projecte-3-erres-a-cicle-mitja-i-cicle-superior-de-lescola-abat-ruera\/","title":{"rendered":"PROJECTE &#8220;3 ERRES&#8221; A CICLE MITJ\u00c0 I CICLE SUPERIOR DE L&#8217;ESCOLA ABAT RUERA"},"content":{"rendered":"<p>El passat dijous 24 d&#8217;octubre, dins el marc del projecte &#8220;3 erres&#8221;, vam fer una sortida per l&#8217;entorn natural de Puiggr\u00f2s amb l&#8217;objectiu de restaurar l&#8217;h\u00e0bitat i el paisatge. D&#8217;aquesta manera vam observar l&#8217;efecte dels comportaments inc\u00edvics i ens vam conscienciar de la gran import\u00e0ncia de cuidar el nostre entorn. Despr\u00e9s vam posar totes les deixalles recollides al seu corresponent contenidor. Finalment, a classe, vam escriure a la pissarra les conclusions sorgides de l&#8217;excursi\u00f3, com per exemple la gran quantitat de brossa recollida, la manca de civisme de la gent&#8230;<\/p>\n<p><a href=\"https:\/\/agora.xtec.cat\/zer-pedrera\/wp-content\/uploads\/usu1473\/2019\/11\/WhatsApp-Image-2019-10-24-at-12.54.591-1.jpeg\"><img loading=\"lazy\" decoding=\"async\" src=\"https:\/\/agora.xtec.cat\/zer-pedrera\/wp-content\/uploads\/usu1473\/2019\/11\/WhatsApp-Image-2019-10-24-at-12.54.591-1-300x225.jpeg\" alt=\"\" width=\"300\" height=\"225\" class=\"aligncenter size-medium wp-image-2328\" srcset=\"https:\/\/agora.xtec.cat\/zer-pedrera\/wp-content\/uploads\/usu1473\/2019\/11\/WhatsApp-Image-2019-10-24-at-12.54.591-1-300x225.jpeg 300w, https:\/\/agora.xtec.cat\/zer-pedrera\/wp-content\/uploads\/usu1473\/2019\/11\/WhatsApp-Image-2019-10-24-at-12.54.591-1-768x576.jpeg 768w, https:\/\/agora.xtec.cat\/zer-pedrera\/wp-content\/uploads\/usu1473\/2019\/11\/WhatsApp-Image-2019-10-24-at-12.54.591-1-1024x768.jpeg 1024w, https:\/\/agora.xtec.cat\/zer-pedrera\/wp-content\/uploads\/usu1473\/2019\/11\/WhatsApp-Image-2019-10-24-at-12.54.591-1-200x150.jpeg 200w, https:\/\/agora.xtec.cat\/zer-pedrera\/wp-content\/uploads\/usu1473\/2019\/11\/WhatsApp-Image-2019-10-24-at-12.54.591-1.jpeg 1600w\" sizes=\"auto, (max-width: 300px) 100vw, 300px\" \/><\/a><\/p>\n<p>Reportatge fotogr\u00e0fic complet clicant <a href=\"https:\/\/photos.app.goo.gl\/EopCpnGevFjHeWBD9\" rel=\"noopener noreferrer\" target=\"_blank\">AQU\u00cd<\/a><\/p>\n","protected":false},"excerpt":{"rendered":"<p>El passat dijous 24 d&#8217;octubre, dins el marc del projecte &#8220;3 erres&#8221;, vam fer una sortida per l&#8217;entorn natural de Puiggr\u00f2s amb l&#8217;objectiu de restaurar l&#8217;h\u00e0bitat i el paisatge. D&#8217;aquesta manera vam observar l&#8217;efecte dels comportaments inc\u00edvics i ens vam conscienciar de la gran import\u00e0ncia&hellip;  <a href=\"https:\/\/agora.xtec.cat\/zer-pedrera\/general\/projecte-3-erres-a-cicle-mitja-i-cicle-superior-de-lescola-abat-ruera\/\" title=\"Read PROJECTE &#8220;3 ERRES&#8221; A CICLE MITJ\u00c0 I CICLE SUPERIOR DE L&#8217;ESCOLA ABAT RUERA\">Llegeix m\u00e9s\u00bb<\/a><\/p>\n","protected":false},"author":1,"featured_media":2328,"comment_status":"open","ping_status":"closed","sticky":false,"template":"","format":"standard","meta":{"_bbp_topic_count":0,"_bbp_reply_count":0,"_bbp_total_topic_count":0,"_bbp_total_reply_count":0,"_bbp_voice_count":0,"_bbp_anonymous_reply_count":0,"_bbp_topic_count_hidden":0,"_bbp_reply_count_hidden":0,"_bbp_forum_subforum_count":0,"footnotes":""},"categories":[110,1,29],"tags":[],"class_list":["post-2327","post","type-post","status-publish","format-standard","has-post-thumbnail","hentry","category-escola-abat-ruera","category-general","category-portada"],"post_mailing_queue_ids":[],"_links":{"self":[{"href":"https:\/\/agora.xtec.cat\/zer-pedrera\/wp-json\/wp\/v2\/posts\/2327","targetHints":{"allow":["GET"]}}],"collection":[{"href":"https:\/\/agora.xtec.cat\/zer-pedrera\/wp-json\/wp\/v2\/posts"}],"about":[{"href":"https:\/\/agora.xtec.cat\/zer-pedrera\/wp-json\/wp\/v2\/types\/post"}],"author":[{"embeddable":true,"href":"https:\/\/agora.xtec.cat\/zer-pedrera\/wp-json\/wp\/v2\/users\/1"}],"replies":[{"embeddable":true,"href":"https:\/\/agora.xtec.cat\/zer-pedrera\/wp-json\/wp\/v2\/comments?post=2327"}],"version-history":[{"count":3,"href":"https:\/\/agora.xtec.cat\/zer-pedrera\/wp-json\/wp\/v2\/posts\/2327\/revisions"}],"predecessor-version":[{"id":2333,"href":"https:\/\/agora.xtec.cat\/zer-pedrera\/wp-json\/wp\/v2\/posts\/2327\/revisions\/2333"}],"wp:featuredmedia":[{"embeddable":true,"href":"https:\/\/agora.xtec.cat\/zer-pedrera\/wp-json\/wp\/v2\/media\/2328"}],"wp:attachment":[{"href":"https:\/\/agora.xtec.cat\/zer-pedrera\/wp-json\/wp\/v2\/media?parent=2327"}],"wp:term":[{"taxonomy":"category","embeddable":true,"href":"https:\/\/agora.xtec.cat\/zer-pedrera\/wp-json\/wp\/v2\/categories?post=2327"},{"taxonomy":"post_tag","embeddable":true,"href":"https:\/\/agora.xtec.cat\/zer-pedrera\/wp-json\/wp\/v2\/tags?post=2327"}],"curies":[{"name":"wp","href":"https:\/\/api.w.org\/{rel}","templated":true}]}}