{"id":2165,"date":"2019-05-17T14:23:14","date_gmt":"2019-05-17T12:23:14","guid":{"rendered":"http:\/\/agora.xtec.cat\/zer-pedrera\/?p=2165"},"modified":"2019-05-17T14:26:23","modified_gmt":"2019-05-17T12:26:23","slug":"jornades-medioambientals","status":"publish","type":"post","link":"https:\/\/agora.xtec.cat\/zer-pedrera\/general\/jornades-medioambientals\/","title":{"rendered":"JORNADES MEDIOAMBIENTALS"},"content":{"rendered":"<p>A l&#8217; abril, el 9 i el 12,vam fer les jornades  medioambientals com cada any. Pel mat\u00ed anem amb bicicleta i per la tarda treballem a l&#8217; hort.<br \/>\nA l&#8217; Espluga, el petits i C.Inicial vam fer una vol alvoltant del poble uns 2Km i despr\u00e9s un circuit amb obstacles al pati.Els grans van anara aTarr\u00e9s i tornar i a la tarda vam plantar a l &#8216;hort planter del temps.<br \/>\nA Puiggr\u00f2s, el petits vam fer circuits amb les bicicletes i Balance Bike a la pista,els de C.Inicial un tomb amb bici pels voltants i els grans vam arribar a La Floresta i tornar.<br \/>\nA la tarda, com era l&#8217; \u00faltim dia del segon trimestre,vam preparar i fer La Mona.<br \/>\nUn altre dia, vam arreglar l&#8217; hort.<br \/>\nUn dia cansat per\u00f2 que ens agrada molt, i m\u00e9s a m\u00e9s tenim cura del Medi Ambient i de la Natura.<br \/>\n<a href=\"https:\/\/drive.google.com\/drive\/u\/1\/folders\/134BTxJuIj2DRMtW4zGTb1jBuP8TvVYiJ\"><\/a><\/p>\n","protected":false},"excerpt":{"rendered":"<p>A l&#8217; abril, el 9 i el 12,vam fer les jornades  medioambientals com cada any. Pel mat\u00ed anem amb bicicleta i per la tarda treballem a l&#8217; hort.<br \/>\nA l&#8217; Espluga, el petits i C.Inicial vam fer una vol alvoltant del poble uns 2Km i&hellip;  <a href=\"https:\/\/agora.xtec.cat\/zer-pedrera\/general\/jornades-medioambientals\/\" title=\"Read JORNADES MEDIOAMBIENTALS\">Llegeix m\u00e9s\u00bb<\/a><\/p>\n","protected":false},"author":1,"featured_media":0,"comment_status":"open","ping_status":"closed","sticky":false,"template":"","format":"standard","meta":{"_bbp_topic_count":0,"_bbp_reply_count":0,"_bbp_total_topic_count":0,"_bbp_total_reply_count":0,"_bbp_voice_count":0,"_bbp_anonymous_reply_count":0,"_bbp_topic_count_hidden":0,"_bbp_reply_count_hidden":0,"_bbp_forum_subforum_count":0,"footnotes":""},"categories":[1,29],"tags":[],"class_list":["post-2165","post","type-post","status-publish","format-standard","hentry","category-general","category-portada"],"post_mailing_queue_ids":[],"_links":{"self":[{"href":"https:\/\/agora.xtec.cat\/zer-pedrera\/wp-json\/wp\/v2\/posts\/2165","targetHints":{"allow":["GET"]}}],"collection":[{"href":"https:\/\/agora.xtec.cat\/zer-pedrera\/wp-json\/wp\/v2\/posts"}],"about":[{"href":"https:\/\/agora.xtec.cat\/zer-pedrera\/wp-json\/wp\/v2\/types\/post"}],"author":[{"embeddable":true,"href":"https:\/\/agora.xtec.cat\/zer-pedrera\/wp-json\/wp\/v2\/users\/1"}],"replies":[{"embeddable":true,"href":"https:\/\/agora.xtec.cat\/zer-pedrera\/wp-json\/wp\/v2\/comments?post=2165"}],"version-history":[{"count":3,"href":"https:\/\/agora.xtec.cat\/zer-pedrera\/wp-json\/wp\/v2\/posts\/2165\/revisions"}],"predecessor-version":[{"id":2169,"href":"https:\/\/agora.xtec.cat\/zer-pedrera\/wp-json\/wp\/v2\/posts\/2165\/revisions\/2169"}],"wp:attachment":[{"href":"https:\/\/agora.xtec.cat\/zer-pedrera\/wp-json\/wp\/v2\/media?parent=2165"}],"wp:term":[{"taxonomy":"category","embeddable":true,"href":"https:\/\/agora.xtec.cat\/zer-pedrera\/wp-json\/wp\/v2\/categories?post=2165"},{"taxonomy":"post_tag","embeddable":true,"href":"https:\/\/agora.xtec.cat\/zer-pedrera\/wp-json\/wp\/v2\/tags?post=2165"}],"curies":[{"name":"wp","href":"https:\/\/api.w.org\/{rel}","templated":true}]}}