{"id":2138,"date":"2019-03-08T16:59:59","date_gmt":"2019-03-08T15:59:59","guid":{"rendered":"http:\/\/agora.xtec.cat\/zer-pedrera\/?p=2138"},"modified":"2019-03-08T16:59:59","modified_gmt":"2019-03-08T15:59:59","slug":"despres-de-nadal-sorpresa","status":"publish","type":"post","link":"https:\/\/agora.xtec.cat\/zer-pedrera\/portada\/despres-de-nadal-sorpresa\/","title":{"rendered":"DESPR\u00c9S DE NADAL &#8230;&#8230;&#8230;SORPRESA!"},"content":{"rendered":"<p><a href=\"https:\/\/plus.google.com\/u\/1\/photos\/100282936836565970333\/album\/6666037262388608785\/6666037264272444866?authkey=CKGS55qr5N2dag\">https:\/\/plus.google.com\/u\/1\/photos\/100282936836565970333\/album\/6666037262388608785\/6666037264272444866?authkey=CKGS55qr5N2dag<\/a><\/p>\n<p><a href=\"https:\/\/plus.google.com\/u\/1\/photos\/100282936836565970333\/album\/6666037735247990401\/6666037734825369730?authkey=CJ-S_pTm77jjEw\">https:\/\/plus.google.com\/u\/1\/photos\/100282936836565970333\/album\/6666037735247990401\/6666037734825369730?authkey=CJ-S_pTm77jjEw<\/a><\/p>\n<p>Ei&#8230;&#8230;.super!!!!!El dia 8 de generdespr\u00e9s de les vacances de Nadal, van trobar l&#8217; escola COM A NOVA.Els pintors van pintar la fa\u00e7ana i per dins tamb\u00e9.A m\u00e9s a m\u00e9s, tot estava gla\u00e7at, quina il.lusi\u00f3.I per postres SSMM Reis d&#8217; Orient ens van deixar una s\u00e8rie de lots com :<em>per als m\u00e9s petits\u00a0<\/em> &#8220;La Blancaneu&#8221;(Colonel Moutarde),&#8221;Un sopar de por&#8221;(Meritxell Mart\u00ed,Xavier Salom\u00f3) I &#8220;Busca i troba a la natura&#8221; (Mariam Ben-Arab i Marcelo E.Mazzanti) entre altres<em>.I per als grans\u00a0\u00a0<\/em>&#8220;Amigues amb pijama&#8221;(Jaqueline Wilson) &#8220;Guiness world records 2019&#8243;de l &#8216;editorial Planeta.<\/p>\n<p>AGRA\u00cfM MOLT\u00cdSSIM A L&#8217; AJUNTAMENT PER TENIR L&#8217; ESCOLA COM A NOVA, ens agrada molt.<\/p>\n<p>I PER SUPOSAT A SSMM REIS D&#8217; ORIENT PER ELS SEUS PRESENTS!<\/p>\n<p>&nbsp;<\/p>\n","protected":false},"excerpt":{"rendered":"<p><a href=\"https:\/\/plus.google.com\/u\/1\/photos\/100282936836565970333\/album\/6666037262388608785\/6666037264272444866?authkey=CKGS55qr5N2dag\">https:\/\/plus.google.com\/u\/1\/photos\/100282936836565970333\/album\/6666037262388608785\/6666037264272444866?authkey=CKGS55qr5N2dag<\/a><br \/>\n<a href=\"https:\/\/plus.google.com\/u\/1\/photos\/100282936836565970333\/album\/6666037735247990401\/6666037734825369730?authkey=CJ-S_pTm77jjEw\">https:\/\/plus.google.com\/u\/1\/photos\/100282936836565970333\/album\/6666037735247990401\/6666037734825369730?authkey=CJ-S_pTm77jjEw<\/a><br \/>\nEi&#8230;&#8230;.super!!!!!El dia 8 de generdespr\u00e9s de les vacances de Nadal, van trobar l&#8217; escola COM A NOVA.Els pintors van pintar la fa\u00e7ana i per dins tamb\u00e9.A m\u00e9s a m\u00e9s, tot estava gla\u00e7at, quina il.lusi\u00f3.I per postres SSMM Reis d&#8217; Orient ens van deixar&hellip;  <a href=\"https:\/\/agora.xtec.cat\/zer-pedrera\/portada\/despres-de-nadal-sorpresa\/\" title=\"Read DESPR\u00c9S DE NADAL &#8230;&#8230;&#8230;SORPRESA!\">Llegeix m\u00e9s\u00bb<\/a><\/p>\n","protected":false},"author":1,"featured_media":0,"comment_status":"open","ping_status":"closed","sticky":false,"template":"","format":"standard","meta":{"_bbp_topic_count":0,"_bbp_reply_count":0,"_bbp_total_topic_count":0,"_bbp_total_reply_count":0,"_bbp_voice_count":0,"_bbp_anonymous_reply_count":0,"_bbp_topic_count_hidden":0,"_bbp_reply_count_hidden":0,"_bbp_forum_subforum_count":0,"footnotes":""},"categories":[29],"tags":[],"class_list":["post-2138","post","type-post","status-publish","format-standard","hentry","category-portada"],"post_mailing_queue_ids":[],"_links":{"self":[{"href":"https:\/\/agora.xtec.cat\/zer-pedrera\/wp-json\/wp\/v2\/posts\/2138","targetHints":{"allow":["GET"]}}],"collection":[{"href":"https:\/\/agora.xtec.cat\/zer-pedrera\/wp-json\/wp\/v2\/posts"}],"about":[{"href":"https:\/\/agora.xtec.cat\/zer-pedrera\/wp-json\/wp\/v2\/types\/post"}],"author":[{"embeddable":true,"href":"https:\/\/agora.xtec.cat\/zer-pedrera\/wp-json\/wp\/v2\/users\/1"}],"replies":[{"embeddable":true,"href":"https:\/\/agora.xtec.cat\/zer-pedrera\/wp-json\/wp\/v2\/comments?post=2138"}],"version-history":[{"count":1,"href":"https:\/\/agora.xtec.cat\/zer-pedrera\/wp-json\/wp\/v2\/posts\/2138\/revisions"}],"predecessor-version":[{"id":2139,"href":"https:\/\/agora.xtec.cat\/zer-pedrera\/wp-json\/wp\/v2\/posts\/2138\/revisions\/2139"}],"wp:attachment":[{"href":"https:\/\/agora.xtec.cat\/zer-pedrera\/wp-json\/wp\/v2\/media?parent=2138"}],"wp:term":[{"taxonomy":"category","embeddable":true,"href":"https:\/\/agora.xtec.cat\/zer-pedrera\/wp-json\/wp\/v2\/categories?post=2138"},{"taxonomy":"post_tag","embeddable":true,"href":"https:\/\/agora.xtec.cat\/zer-pedrera\/wp-json\/wp\/v2\/tags?post=2138"}],"curies":[{"name":"wp","href":"https:\/\/api.w.org\/{rel}","templated":true}]}}