{"id":2127,"date":"2019-01-11T16:54:37","date_gmt":"2019-01-11T15:54:37","guid":{"rendered":"http:\/\/agora.xtec.cat\/zer-pedrera\/?p=2127"},"modified":"2019-01-11T16:55:04","modified_gmt":"2019-01-11T15:55:04","slug":"nadal-2018-a-lespluga-calba","status":"publish","type":"post","link":"https:\/\/agora.xtec.cat\/zer-pedrera\/general\/nadal-2018-a-lespluga-calba\/","title":{"rendered":"NADAL 2018 A L&#8217;ESPLUGA CALBA"},"content":{"rendered":"<p>Hola de nou,<\/p>\n<p>Per final\u00f1itzar el trimestre,el divendres 14 de desembre, tots i totes les alumnes de l&#8217;escola van fer una petita representaci\u00f3 teatral com cada any. Enguany ha estat &#8221; EL FOLLET VALENT, una obra que tracta de l&#8217; ajut i el companyerisme.Tamb\u00e9 com cada any, dins l&#8217;obra cantem i toquem la flauta.Al principi de l&#8217; actuaci\u00f3 vam recitar els poemes tradicionals catalans i\u00a0 per a conclore, vam finalitzar en unes can\u00e7ons en angl\u00e8s anunciant que el Nadal ja es aqu\u00ed i donant\u00a0 bons desitjos a tothom\u00a0 per aquest Nadal.<\/p>\n<p>L&#8217; \u00faltim dia del trimestre, el 21, vam fer cagar el Ti\u00f3, que va ser molt caganer, i ens va cagar moltes coses que ens agraden molt,&#8230;..Slime,material escolar i &#8230;..Xuxes. Fins el proper any Ti\u00f3&#8230;&#8230;&#8230;<\/p>\n<p><a href=\"https:\/\/plus.google.com\/u\/0\/photos\/100282936836565970333\/album\/6645265185774303873\/6645265185808338674?authkey=CI6gzfaritqabQ\">https:\/\/plus.google.com\/u\/0\/photos\/100282936836565970333\/album\/6645265185774303873\/6645265185808338674?authkey=CI6gzfaritqabQ<\/a><\/p>\n<p><a href=\"https:\/\/plus.google.com\/u\/0\/photos\/100282936836565970333\/album\/6645265953322300849\/6645265954295658546?authkey=CMvcuIXmharAFg\">https:\/\/plus.google.com\/u\/0\/photos\/100282936836565970333\/album\/6645265953322300849\/6645265954295658546?authkey=CMvcuIXmharAFg<\/a><\/p>\n<p>&nbsp;<\/p>\n<p><a href=\"https:\/\/plus.google.com\/u\/0\/photos\/100282936836565970333\/album\/6645267332811480097\/6645267337878101250?authkey=CP77rPyT4-DdQg\">https:\/\/plus.google.com\/u\/0\/photos\/100282936836565970333\/album\/6645267332811480097\/6645267337878101250?authkey=CP77rPyT4-DdQg<\/a><\/p>\n<p><a href=\"https:\/\/plus.google.com\/u\/0\/photos\/100282936836565970333\/album\/6645267887122687297\/6645267888684980178?authkey=CKqTiLX_1K-02wE\">https:\/\/plus.google.com\/u\/0\/photos\/100282936836565970333\/album\/6645267887122687297\/6645267888684980178?authkey=CKqTiLX_1K-02wE<\/a><\/p>\n<p>&nbsp;<\/p>\n","protected":false},"excerpt":{"rendered":"<p>Hola de nou,<br \/>\nPer final\u00f1itzar el trimestre,el divendres 14 de desembre, tots i totes les alumnes de l&#8217;escola van fer una petita representaci\u00f3 teatral com cada any. Enguany ha estat &#8221; EL FOLLET VALENT, una obra que tracta de l&#8217; ajut i el companyerisme.Tamb\u00e9 com cada&hellip;  <a href=\"https:\/\/agora.xtec.cat\/zer-pedrera\/general\/nadal-2018-a-lespluga-calba\/\" title=\"Read NADAL 2018 A L&#8217;ESPLUGA CALBA\">Llegeix m\u00e9s\u00bb<\/a><\/p>\n","protected":false},"author":1,"featured_media":0,"comment_status":"open","ping_status":"closed","sticky":false,"template":"","format":"standard","meta":{"_bbp_topic_count":0,"_bbp_reply_count":0,"_bbp_total_topic_count":0,"_bbp_total_reply_count":0,"_bbp_voice_count":0,"_bbp_anonymous_reply_count":0,"_bbp_topic_count_hidden":0,"_bbp_reply_count_hidden":0,"_bbp_forum_subforum_count":0,"footnotes":""},"categories":[111,1,29],"tags":[],"class_list":["post-2127","post","type-post","status-publish","format-standard","hentry","category-escola-porcel-de-cervera","category-general","category-portada"],"post_mailing_queue_ids":[],"_links":{"self":[{"href":"https:\/\/agora.xtec.cat\/zer-pedrera\/wp-json\/wp\/v2\/posts\/2127","targetHints":{"allow":["GET"]}}],"collection":[{"href":"https:\/\/agora.xtec.cat\/zer-pedrera\/wp-json\/wp\/v2\/posts"}],"about":[{"href":"https:\/\/agora.xtec.cat\/zer-pedrera\/wp-json\/wp\/v2\/types\/post"}],"author":[{"embeddable":true,"href":"https:\/\/agora.xtec.cat\/zer-pedrera\/wp-json\/wp\/v2\/users\/1"}],"replies":[{"embeddable":true,"href":"https:\/\/agora.xtec.cat\/zer-pedrera\/wp-json\/wp\/v2\/comments?post=2127"}],"version-history":[{"count":1,"href":"https:\/\/agora.xtec.cat\/zer-pedrera\/wp-json\/wp\/v2\/posts\/2127\/revisions"}],"predecessor-version":[{"id":2128,"href":"https:\/\/agora.xtec.cat\/zer-pedrera\/wp-json\/wp\/v2\/posts\/2127\/revisions\/2128"}],"wp:attachment":[{"href":"https:\/\/agora.xtec.cat\/zer-pedrera\/wp-json\/wp\/v2\/media?parent=2127"}],"wp:term":[{"taxonomy":"category","embeddable":true,"href":"https:\/\/agora.xtec.cat\/zer-pedrera\/wp-json\/wp\/v2\/categories?post=2127"},{"taxonomy":"post_tag","embeddable":true,"href":"https:\/\/agora.xtec.cat\/zer-pedrera\/wp-json\/wp\/v2\/tags?post=2127"}],"curies":[{"name":"wp","href":"https:\/\/api.w.org\/{rel}","templated":true}]}}