{"id":2125,"date":"2019-01-11T15:57:57","date_gmt":"2019-01-11T14:57:57","guid":{"rendered":"http:\/\/agora.xtec.cat\/zer-pedrera\/?p=2125"},"modified":"2019-01-11T15:57:57","modified_gmt":"2019-01-11T14:57:57","slug":"audicio-i-teatre-la-flauta-i-snowhite","status":"publish","type":"post","link":"https:\/\/agora.xtec.cat\/zer-pedrera\/general\/audicio-i-teatre-la-flauta-i-snowhite\/","title":{"rendered":"AUDICI\u00d3 I TEATRE: &#8220;LA FLAUTA&#8221; I &#8220;SNOWHITE&#8221;"},"content":{"rendered":"<p>El dia 13 de novembre de 2018, els\u00a0 i les alumnes de C. Inicial de la Zer vam sortir a les Borges Blanques. Primerament, vam assistir a una audici\u00f3 i explicaci\u00f3 sobre la fam\u00edlia de les flautes&#8230;. ui! Les que hi ha&#8230;.. i quantes mides i\u00a0 tamanys diferents i evidentment el so. m\u00e9s greu o m\u00e9s agut.Va ser a la Sala Lois.<\/p>\n<p>Seguidament van fer una mossada i cap al teatre &#8230;&#8230;.. al Povell\u00f3 de l&#8217;oli.Van poder gaudir i participar especialment i interactivament,\u00a0 \u00a0ja que una alumna de la Zer va pujar a l&#8217; escenari.<\/p>\n<p>Tot era en angl\u00e8s i ho vam entendre tot, i a m\u00e9s els actors i les actrius eren nadius i en acabar l&#8217; obra es va obrir un torn de preguntes tot en angl\u00e8s, per a practicar realment.<\/p>\n<p><a href=\"https:\/\/plus.google.com\/u\/0\/photos\/100282936836565970333\/album\/6645251773727087793\/6645251773791580930?authkey=CPWyxIe67P7eigE\">https:\/\/plus.google.com\/u\/0\/photos\/100282936836565970333\/album\/6645251773727087793\/6645251773791580930?authkey=CPWyxIe67P7eigE<\/a><\/p>\n<p><a href=\"https:\/\/plus.google.com\/u\/0\/photos\/100282936836565970333\/album\/6645252698795282529\/6645252705590178642?authkey=CL_Jvvum-Zesbw\">https:\/\/plus.google.com\/u\/0\/photos\/100282936836565970333\/album\/6645252698795282529\/6645252705590178642?authkey=CL_Jvvum-Zesbw<\/a><\/p>\n","protected":false},"excerpt":{"rendered":"<p>El dia 13 de novembre de 2018, els\u00a0 i les alumnes de C. Inicial de la Zer vam sortir a les Borges Blanques. Primerament, vam assistir a una audici\u00f3 i explicaci\u00f3 sobre la fam\u00edlia de les flautes&#8230;. ui! Les que hi ha&#8230;.. i quantes mides&hellip;  <a href=\"https:\/\/agora.xtec.cat\/zer-pedrera\/general\/audicio-i-teatre-la-flauta-i-snowhite\/\" title=\"Read AUDICI\u00d3 I TEATRE: &#8220;LA FLAUTA&#8221; I &#8220;SNOWHITE&#8221;\">Llegeix m\u00e9s\u00bb<\/a><\/p>\n","protected":false},"author":1,"featured_media":0,"comment_status":"open","ping_status":"closed","sticky":false,"template":"","format":"standard","meta":{"_bbp_topic_count":0,"_bbp_reply_count":0,"_bbp_total_topic_count":0,"_bbp_total_reply_count":0,"_bbp_voice_count":0,"_bbp_anonymous_reply_count":0,"_bbp_topic_count_hidden":0,"_bbp_reply_count_hidden":0,"_bbp_forum_subforum_count":0,"footnotes":""},"categories":[1,29,89],"tags":[],"class_list":["post-2125","post","type-post","status-publish","format-standard","hentry","category-general","category-portada","category-primaria"],"post_mailing_queue_ids":[],"_links":{"self":[{"href":"https:\/\/agora.xtec.cat\/zer-pedrera\/wp-json\/wp\/v2\/posts\/2125","targetHints":{"allow":["GET"]}}],"collection":[{"href":"https:\/\/agora.xtec.cat\/zer-pedrera\/wp-json\/wp\/v2\/posts"}],"about":[{"href":"https:\/\/agora.xtec.cat\/zer-pedrera\/wp-json\/wp\/v2\/types\/post"}],"author":[{"embeddable":true,"href":"https:\/\/agora.xtec.cat\/zer-pedrera\/wp-json\/wp\/v2\/users\/1"}],"replies":[{"embeddable":true,"href":"https:\/\/agora.xtec.cat\/zer-pedrera\/wp-json\/wp\/v2\/comments?post=2125"}],"version-history":[{"count":1,"href":"https:\/\/agora.xtec.cat\/zer-pedrera\/wp-json\/wp\/v2\/posts\/2125\/revisions"}],"predecessor-version":[{"id":2126,"href":"https:\/\/agora.xtec.cat\/zer-pedrera\/wp-json\/wp\/v2\/posts\/2125\/revisions\/2126"}],"wp:attachment":[{"href":"https:\/\/agora.xtec.cat\/zer-pedrera\/wp-json\/wp\/v2\/media?parent=2125"}],"wp:term":[{"taxonomy":"category","embeddable":true,"href":"https:\/\/agora.xtec.cat\/zer-pedrera\/wp-json\/wp\/v2\/categories?post=2125"},{"taxonomy":"post_tag","embeddable":true,"href":"https:\/\/agora.xtec.cat\/zer-pedrera\/wp-json\/wp\/v2\/tags?post=2125"}],"curies":[{"name":"wp","href":"https:\/\/api.w.org\/{rel}","templated":true}]}}