{"id":2045,"date":"2018-10-16T12:19:53","date_gmt":"2018-10-16T10:19:53","guid":{"rendered":"http:\/\/agora.xtec.cat\/zer-pedrera\/?p=2045"},"modified":"2018-10-16T12:21:33","modified_gmt":"2018-10-16T10:21:33","slug":"bon-inici-de-curs-2018-19","status":"publish","type":"post","link":"https:\/\/agora.xtec.cat\/zer-pedrera\/portada\/bon-inici-de-curs-2018-19\/","title":{"rendered":"BON INICI  DE CURS 2018-19"},"content":{"rendered":"<p>Acabat l&#8217; estiu, JA HI TORNEM A SER!!!!!!<\/p>\n<p>Amb bon humor i amb moltes de ganes de treballar, iniciem aquest curs escolar.<\/p>\n<p>Els alumnes de sis\u00e8, ja que \u00e9s el \u00faltim curs escolar, volem aprendre moltes coses. Aquest any ha vingut una nova professora de medi, m\u00fasica&#8230; la Laura. Esperem aprendre tamb\u00e9 moltes coses.<\/p>\n<p>(Anna i \u00c0lex)<\/p>\n<p>Els alumnes de quart estem molt il\u00b7lusionats perqu\u00e8 tenim port\u00e0tils i tauletes noves.<\/p>\n<p>Som menys alumnes en tota l&#8217;escola (16!) malgrat aix\u00f2 treballarem molt.Tamb\u00e9 ens ho passarem molt b\u00e9 a les col\u00f2nies; ja \u00e9s el tercer any.<\/p>\n<p>(Joel, Rams\u00e8s, Olga, Biel, Sonia i In\u00e9s)<\/p>\n<p>Els\/les alumnes de tercer volem aprendre a tocar la flauta i les taules de multiplicar.<\/p>\n<p>(Alba i Adri\u00e0)<\/p>\n<p>Bon feina a tots i a totes!!!!.<\/p>\n<p style=\"text-align: right;\">Els\/les \u00a0mestres i els\/les \u00a0alumnes.<\/p>\n<p><a href=\"https:\/\/plus.google.com\/100282936836565970333\/posts\/1UJ7eUAYLSV\">https:\/\/plus.google.com\/100282936836565970333\/posts\/1UJ7eUAYLSV<\/a><\/p>\n<p>&nbsp;<\/p>\n","protected":false},"excerpt":{"rendered":"<p>Acabat l&#8217; estiu, JA HI TORNEM A SER!!!!!!<br \/>\nAmb bon humor i amb moltes de ganes de treballar, iniciem aquest curs escolar.<br \/>\nEls alumnes de sis\u00e8, ja que \u00e9s el \u00faltim curs escolar, volem aprendre moltes coses. Aquest any ha vingut una nova professora de medi, m\u00fasica&#8230;&hellip;  <a href=\"https:\/\/agora.xtec.cat\/zer-pedrera\/portada\/bon-inici-de-curs-2018-19\/\" title=\"Read BON INICI  DE CURS 2018-19\">Llegeix m\u00e9s\u00bb<\/a><\/p>\n","protected":false},"author":7,"featured_media":0,"comment_status":"open","ping_status":"closed","sticky":false,"template":"","format":"standard","meta":{"_bbp_topic_count":0,"_bbp_reply_count":0,"_bbp_total_topic_count":0,"_bbp_total_reply_count":0,"_bbp_voice_count":0,"_bbp_anonymous_reply_count":0,"_bbp_topic_count_hidden":0,"_bbp_reply_count_hidden":0,"_bbp_forum_subforum_count":0,"footnotes":""},"categories":[111,29],"tags":[],"class_list":["post-2045","post","type-post","status-publish","format-standard","hentry","category-escola-porcel-de-cervera","category-portada"],"post_mailing_queue_ids":[],"_links":{"self":[{"href":"https:\/\/agora.xtec.cat\/zer-pedrera\/wp-json\/wp\/v2\/posts\/2045","targetHints":{"allow":["GET"]}}],"collection":[{"href":"https:\/\/agora.xtec.cat\/zer-pedrera\/wp-json\/wp\/v2\/posts"}],"about":[{"href":"https:\/\/agora.xtec.cat\/zer-pedrera\/wp-json\/wp\/v2\/types\/post"}],"author":[{"embeddable":true,"href":"https:\/\/agora.xtec.cat\/zer-pedrera\/wp-json\/wp\/v2\/users\/7"}],"replies":[{"embeddable":true,"href":"https:\/\/agora.xtec.cat\/zer-pedrera\/wp-json\/wp\/v2\/comments?post=2045"}],"version-history":[{"count":3,"href":"https:\/\/agora.xtec.cat\/zer-pedrera\/wp-json\/wp\/v2\/posts\/2045\/revisions"}],"predecessor-version":[{"id":2053,"href":"https:\/\/agora.xtec.cat\/zer-pedrera\/wp-json\/wp\/v2\/posts\/2045\/revisions\/2053"}],"wp:attachment":[{"href":"https:\/\/agora.xtec.cat\/zer-pedrera\/wp-json\/wp\/v2\/media?parent=2045"}],"wp:term":[{"taxonomy":"category","embeddable":true,"href":"https:\/\/agora.xtec.cat\/zer-pedrera\/wp-json\/wp\/v2\/categories?post=2045"},{"taxonomy":"post_tag","embeddable":true,"href":"https:\/\/agora.xtec.cat\/zer-pedrera\/wp-json\/wp\/v2\/tags?post=2045"}],"curies":[{"name":"wp","href":"https:\/\/api.w.org\/{rel}","templated":true}]}}