{"id":2037,"date":"2018-06-21T13:54:05","date_gmt":"2018-06-21T11:54:05","guid":{"rendered":"http:\/\/agora.xtec.cat\/zer-pedrera\/?p=2037"},"modified":"2018-06-21T13:54:05","modified_gmt":"2018-06-21T11:54:05","slug":"trobada-de-fi-de-curs","status":"publish","type":"post","link":"https:\/\/agora.xtec.cat\/zer-pedrera\/general\/trobada-de-fi-de-curs\/","title":{"rendered":"Trobada de fi de curs"},"content":{"rendered":"<p>Per celebrar l&#8217;arribada de l&#8217;estiu i dir ad\u00e9u a aquest curs que ja acabem, hem fet una trobada a Puiggr\u00f2s tots els nens i nenes de la ZER Pedrera.<\/p>\n<p>Durant el mat\u00ed ens ho hem passat super b\u00e9! Primer de tot hem fet uns circuits corrent. N&#8217;hi havia tres a escollir segons el nivell de dificultat i cadasc\u00fa en podia fer un.<\/p>\n<p>Despr\u00e9s hem fet un esmorzar bon\u00edssim amb fruita i cocs casolans que estaven per llepar-se&#8217;n els dits. Un cop tots hem estat tips hem fet les orles pels m\u00e9s grans de la ZER que acaben aquest curs la prim\u00e0ria, ha estat un acte molt bonic.<\/p>\n<p>I per acabar, el m\u00e9s esperat per la majoria de nens i nenes, bany d&#8217;escuma i aigua a la pista!!<\/p>\n<p><a href=\"https:\/\/plus.google.com\/u\/0\/photos\/100282936836565970333\/album\/6569502988788964001\/6569502989495024146?authkey=CImqnrLJlv_G3AE\">https:\/\/plus.google.com\/u\/0\/photos\/100282936836565970333\/album\/6569502988788964001\/6569502989495024146?authkey=CImqnrLJlv_G3AE<\/a><\/p>\n","protected":false},"excerpt":{"rendered":"<p>Per celebrar l&#8217;arribada de l&#8217;estiu i dir ad\u00e9u a aquest curs que ja acabem, hem fet una trobada a Puiggr\u00f2s tots els nens i nenes de la ZER Pedrera.<br \/>\nDurant el mat\u00ed ens ho hem passat super b\u00e9! Primer de tot hem fet uns circuits corrent.&hellip;  <a href=\"https:\/\/agora.xtec.cat\/zer-pedrera\/general\/trobada-de-fi-de-curs\/\" title=\"Read Trobada de fi de curs\">Llegeix m\u00e9s\u00bb<\/a><\/p>\n","protected":false},"author":1,"featured_media":0,"comment_status":"open","ping_status":"closed","sticky":false,"template":"","format":"standard","meta":{"_bbp_topic_count":0,"_bbp_reply_count":0,"_bbp_total_topic_count":0,"_bbp_total_reply_count":0,"_bbp_voice_count":0,"_bbp_anonymous_reply_count":0,"_bbp_topic_count_hidden":0,"_bbp_reply_count_hidden":0,"_bbp_forum_subforum_count":0,"footnotes":""},"categories":[113,110,111,1,29,89],"tags":[],"class_list":["post-2037","post","type-post","status-publish","format-standard","hentry","category-e-infantil","category-escola-abat-ruera","category-escola-porcel-de-cervera","category-general","category-portada","category-primaria"],"post_mailing_queue_ids":[],"_links":{"self":[{"href":"https:\/\/agora.xtec.cat\/zer-pedrera\/wp-json\/wp\/v2\/posts\/2037","targetHints":{"allow":["GET"]}}],"collection":[{"href":"https:\/\/agora.xtec.cat\/zer-pedrera\/wp-json\/wp\/v2\/posts"}],"about":[{"href":"https:\/\/agora.xtec.cat\/zer-pedrera\/wp-json\/wp\/v2\/types\/post"}],"author":[{"embeddable":true,"href":"https:\/\/agora.xtec.cat\/zer-pedrera\/wp-json\/wp\/v2\/users\/1"}],"replies":[{"embeddable":true,"href":"https:\/\/agora.xtec.cat\/zer-pedrera\/wp-json\/wp\/v2\/comments?post=2037"}],"version-history":[{"count":1,"href":"https:\/\/agora.xtec.cat\/zer-pedrera\/wp-json\/wp\/v2\/posts\/2037\/revisions"}],"predecessor-version":[{"id":2038,"href":"https:\/\/agora.xtec.cat\/zer-pedrera\/wp-json\/wp\/v2\/posts\/2037\/revisions\/2038"}],"wp:attachment":[{"href":"https:\/\/agora.xtec.cat\/zer-pedrera\/wp-json\/wp\/v2\/media?parent=2037"}],"wp:term":[{"taxonomy":"category","embeddable":true,"href":"https:\/\/agora.xtec.cat\/zer-pedrera\/wp-json\/wp\/v2\/categories?post=2037"},{"taxonomy":"post_tag","embeddable":true,"href":"https:\/\/agora.xtec.cat\/zer-pedrera\/wp-json\/wp\/v2\/tags?post=2037"}],"curies":[{"name":"wp","href":"https:\/\/api.w.org\/{rel}","templated":true}]}}