{"id":2023,"date":"2018-05-30T12:42:11","date_gmt":"2018-05-30T10:42:11","guid":{"rendered":"http:\/\/agora.xtec.cat\/zer-pedrera\/?p=2023"},"modified":"2018-06-06T11:27:15","modified_gmt":"2018-06-06T09:27:15","slug":"colonies-a-can-bajona","status":"publish","type":"post","link":"https:\/\/agora.xtec.cat\/zer-pedrera\/general\/colonies-a-can-bajona\/","title":{"rendered":"Col\u00f2nies a Can Bajona"},"content":{"rendered":"<p>Els passats dies 21 i 22 de maig, els alumnes de la Zer Pedrera v\u00e0rem anar de col\u00f2nies a Solsona.<\/p>\n<p>Ens ho v\u00e0rem passar molt b\u00e9 i v\u00e0rem fer moltes activitats.<\/p>\n<p>Els m\u00e9s menuts van fer tallers sobre el circ, els de cicle inicial es van introduir en el cinema i els grans de la casa v\u00e0ren fer esports d&#8217;aventura i superviv\u00e8ncia.<\/p>\n<p>La casa de col\u00f2nies es diu Can Bajona i est\u00e0 envoltada d&#8217;un paisatge verd i natural. Ens va agradar molt.<\/p>\n<p>Repetirem!<\/p>\n<p>\u00c0lbum 1:<\/p>\n<p><a href=\"https:\/\/plus.google.com\/u\/0\/photos\/100282936836565970333\/album\/6561321962333374289\/6561321969801216226?authkey=CMGu9dnRh4qY9AE\">https:\/\/plus.google.com\/u\/0\/photos\/100282936836565970333\/album\/6561321962333374289\/6561321969801216226?authkey=CMGu9dnRh4qY9AE<\/a><\/p>\n<p>\u00c0lbum 2:<\/p>\n<p><a href=\"https:\/\/plus.google.com\/photos\/100282936836565970333\/album\/6563900234915086753\/6563900234392131346?authkey=CJDn5qn_vdOjDQ\">https:\/\/plus.google.com\/photos\/100282936836565970333\/album\/6563900234915086753\/6563900234392131346?authkey=CJDn5qn_vdOjDQ<\/a><\/p>\n","protected":false},"excerpt":{"rendered":"<p>Els passats dies 21 i 22 de maig, els alumnes de la Zer Pedrera v\u00e0rem anar de col\u00f2nies a Solsona.<br \/>\nEns ho v\u00e0rem passar molt b\u00e9 i v\u00e0rem fer moltes activitats.<br \/>\nEls m\u00e9s menuts van fer tallers sobre el circ, els de cicle inicial es van introduir&hellip;  <a href=\"https:\/\/agora.xtec.cat\/zer-pedrera\/general\/colonies-a-can-bajona\/\" title=\"Read Col\u00f2nies a Can Bajona\">Llegeix m\u00e9s\u00bb<\/a><\/p>\n","protected":false},"author":1,"featured_media":0,"comment_status":"open","ping_status":"closed","sticky":false,"template":"","format":"standard","meta":{"_bbp_topic_count":0,"_bbp_reply_count":0,"_bbp_total_topic_count":0,"_bbp_total_reply_count":0,"_bbp_voice_count":0,"_bbp_anonymous_reply_count":0,"_bbp_topic_count_hidden":0,"_bbp_reply_count_hidden":0,"_bbp_forum_subforum_count":0,"footnotes":""},"categories":[110,111,1,29],"tags":[],"class_list":["post-2023","post","type-post","status-publish","format-standard","hentry","category-escola-abat-ruera","category-escola-porcel-de-cervera","category-general","category-portada"],"post_mailing_queue_ids":[],"_links":{"self":[{"href":"https:\/\/agora.xtec.cat\/zer-pedrera\/wp-json\/wp\/v2\/posts\/2023","targetHints":{"allow":["GET"]}}],"collection":[{"href":"https:\/\/agora.xtec.cat\/zer-pedrera\/wp-json\/wp\/v2\/posts"}],"about":[{"href":"https:\/\/agora.xtec.cat\/zer-pedrera\/wp-json\/wp\/v2\/types\/post"}],"author":[{"embeddable":true,"href":"https:\/\/agora.xtec.cat\/zer-pedrera\/wp-json\/wp\/v2\/users\/1"}],"replies":[{"embeddable":true,"href":"https:\/\/agora.xtec.cat\/zer-pedrera\/wp-json\/wp\/v2\/comments?post=2023"}],"version-history":[{"count":2,"href":"https:\/\/agora.xtec.cat\/zer-pedrera\/wp-json\/wp\/v2\/posts\/2023\/revisions"}],"predecessor-version":[{"id":2027,"href":"https:\/\/agora.xtec.cat\/zer-pedrera\/wp-json\/wp\/v2\/posts\/2023\/revisions\/2027"}],"wp:attachment":[{"href":"https:\/\/agora.xtec.cat\/zer-pedrera\/wp-json\/wp\/v2\/media?parent=2023"}],"wp:term":[{"taxonomy":"category","embeddable":true,"href":"https:\/\/agora.xtec.cat\/zer-pedrera\/wp-json\/wp\/v2\/categories?post=2023"},{"taxonomy":"post_tag","embeddable":true,"href":"https:\/\/agora.xtec.cat\/zer-pedrera\/wp-json\/wp\/v2\/tags?post=2023"}],"curies":[{"name":"wp","href":"https:\/\/api.w.org\/{rel}","templated":true}]}}