{"id":2021,"date":"2018-05-16T12:10:26","date_gmt":"2018-05-16T10:10:26","guid":{"rendered":"http:\/\/agora.xtec.cat\/zer-pedrera\/?p=2021"},"modified":"2018-05-16T12:10:26","modified_gmt":"2018-05-16T10:10:26","slug":"jornada-medioambiental","status":"publish","type":"post","link":"https:\/\/agora.xtec.cat\/zer-pedrera\/general\/jornada-medioambiental\/","title":{"rendered":"Jornada Medioambiental"},"content":{"rendered":"<p>El divendres dia 4 de Maig els alumnes i les alumnes de l&#8217;Espluga vam fer la jornada medioambiental. Durant el mat\u00ed els m\u00e9s grans vam fer una bicicletada pel voltant de l&#8217;Espluga i els m\u00e9s petits vam fer uns circuits a dins l&#8217;escola.<\/p>\n<p>A la tarda vam fer l&#8217;hort a l&#8217;escola i vam plantar esqueroles i enciams. Va ser una jornada molt bonica i ens ho vam passar molt b\u00e9!!<\/p>\n<p><a href=\"https:\/\/plus.google.com\/u\/0\/photos\/100282936836565970333\/album\/6556119293731686881\/6556119301264823810?authkey=CKbf2LrYicLvPg\">https:\/\/plus.google.com\/u\/0\/photos\/100282936836565970333\/album\/6556119293731686881\/6556119301264823810?authkey=CKbf2LrYicLvPg<\/a><\/p>\n","protected":false},"excerpt":{"rendered":"<p>El divendres dia 4 de Maig els alumnes i les alumnes de l&#8217;Espluga vam fer la jornada medioambiental. Durant el mat\u00ed els m\u00e9s grans vam fer una bicicletada pel voltant de l&#8217;Espluga i els m\u00e9s petits vam fer uns circuits a dins l&#8217;escola.<br \/>\nA la tarda&hellip;  <a href=\"https:\/\/agora.xtec.cat\/zer-pedrera\/general\/jornada-medioambiental\/\" title=\"Read Jornada Medioambiental\">Llegeix m\u00e9s\u00bb<\/a><\/p>\n","protected":false},"author":1,"featured_media":0,"comment_status":"open","ping_status":"closed","sticky":false,"template":"","format":"standard","meta":{"_bbp_topic_count":0,"_bbp_reply_count":0,"_bbp_total_topic_count":0,"_bbp_total_reply_count":0,"_bbp_voice_count":0,"_bbp_anonymous_reply_count":0,"_bbp_topic_count_hidden":0,"_bbp_reply_count_hidden":0,"_bbp_forum_subforum_count":0,"footnotes":""},"categories":[111,1,114,29,89],"tags":[],"class_list":["post-2021","post","type-post","status-publish","format-standard","hentry","category-escola-porcel-de-cervera","category-general","category-hort","category-portada","category-primaria"],"post_mailing_queue_ids":[],"_links":{"self":[{"href":"https:\/\/agora.xtec.cat\/zer-pedrera\/wp-json\/wp\/v2\/posts\/2021","targetHints":{"allow":["GET"]}}],"collection":[{"href":"https:\/\/agora.xtec.cat\/zer-pedrera\/wp-json\/wp\/v2\/posts"}],"about":[{"href":"https:\/\/agora.xtec.cat\/zer-pedrera\/wp-json\/wp\/v2\/types\/post"}],"author":[{"embeddable":true,"href":"https:\/\/agora.xtec.cat\/zer-pedrera\/wp-json\/wp\/v2\/users\/1"}],"replies":[{"embeddable":true,"href":"https:\/\/agora.xtec.cat\/zer-pedrera\/wp-json\/wp\/v2\/comments?post=2021"}],"version-history":[{"count":1,"href":"https:\/\/agora.xtec.cat\/zer-pedrera\/wp-json\/wp\/v2\/posts\/2021\/revisions"}],"predecessor-version":[{"id":2022,"href":"https:\/\/agora.xtec.cat\/zer-pedrera\/wp-json\/wp\/v2\/posts\/2021\/revisions\/2022"}],"wp:attachment":[{"href":"https:\/\/agora.xtec.cat\/zer-pedrera\/wp-json\/wp\/v2\/media?parent=2021"}],"wp:term":[{"taxonomy":"category","embeddable":true,"href":"https:\/\/agora.xtec.cat\/zer-pedrera\/wp-json\/wp\/v2\/categories?post=2021"},{"taxonomy":"post_tag","embeddable":true,"href":"https:\/\/agora.xtec.cat\/zer-pedrera\/wp-json\/wp\/v2\/tags?post=2021"}],"curies":[{"name":"wp","href":"https:\/\/api.w.org\/{rel}","templated":true}]}}